{"id":9923,"date":"2025-09-20T20:49:29","date_gmt":"2025-09-20T18:49:29","guid":{"rendered":"https:\/\/nspj.wroclaw.pl\/new\/?p=9923"},"modified":"2025-09-20T20:57:55","modified_gmt":"2025-09-20T18:57:55","slug":"25-niedziela-zwykla-21-09-2025-r","status":"publish","type":"post","link":"https:\/\/nspj.wroclaw.pl\/new\/25-niedziela-zwykla-21-09-2025-r\/","title":{"rendered":"25 niedziela zwyk\u0142a &#8211; 21.09.2025 r."},"content":{"rendered":"<p style=\"text-align: center;\"><span style=\"color: #000000;\"><strong>OG\u0141OSZENIA PARAFIALNE<\/strong><\/span><\/p>\n<p style=\"text-align: center;\"><span style=\"color: #000000;\"><strong>21 wrze\u015bnia 2025 r. <\/strong><\/span><\/p>\n<ol>\n<li><span style=\"color: #000000;\">Prze\u017cywamy <strong>25 niedziel\u0119 zwyk\u0142\u0105, 3. miesi\u0105ca <\/strong>wrze\u015bnia; po Mszy \u015bw. o g. 18.00 &#8211; <strong>pierwsze spotkanie Kandydat\u00f3w do Bierzmowania <\/strong>z klas \u00f3smych SP i klas pierwszych szk\u00f3\u0142 \u015brednich oraz ich Rodzic\u00f3w.<\/span><\/li>\n<li><span style=\"color: #000000;\"><strong>Dzisiaj tak\u017ce<\/strong> na Mszy \u015bw. o g. 11.00 obchodzona jest <strong>rocznica Konsekracji<\/strong> ko\u015bcio\u0142a w Pruszowicach, kt\u00f3ra przypada\u0142a 18.09, w minionym tygodniu.<\/span><\/li>\n<li><span style=\"color: #000000;\"><strong>Spotkania <\/strong>parafialnej grupy m\u0142odzie\u017cowej rozpoczn\u0105 si\u0119 dzisiaj o g. 19.00 w Domu Parafialnym.<\/span><\/li>\n<li><span style=\"color: #000000;\">W <strong>kalendarzu liturgicznym<\/strong>: <strong>w poniedzia\u0142ek \u2013 22.09.<\/strong> \u2013 comiesi\u0119czne wspomnienie modlitewne \u015aw. JP II; <strong>we wtorek <\/strong>\u2013 23.09. \u2013 doroczone wspomnienie liturgiczne \u015aw. O. Pio; <strong>w \u015brod\u0119<\/strong> \u2013 czcimy \u015aw. J\u00f3zefa i Nowenna do Matki Bo\u017cej Nieustaj\u0105cej Pomocy; <strong>w pi\u0105tek <\/strong>o g. 15.00 \u2013 Koronka do BM i adoracja NS do Mszy \u015bw. wieczornej; <strong>w sobot\u0119 \u2013 <\/strong>na Mszy \u015bw. o 9.00 wspomnienie \u015aw. Wincentego a Paulo; o g. 18.00 \u2013 Msza \u015bw. z niedzieli.<\/span><\/li>\n<li><span style=\"color: #000000;\">Ju\u017c dzisiaj <strong>informujemy mieszka\u0144c\u00f3w Pruszowic<\/strong>, \u017ce od pa\u017adziernika wieczorne Msze \u015bw. w tygodniu: w \u015brod\u0119, I-pi\u0105tek czy \u201eza Ojczyzn\u0119\u201d 2-go ka\u017cdego miesi\u0105ca &#8211; b\u0119d\u0105 tam odprawiane o g. 17.00; a po nich b\u0119dzie si\u0119 tam odbywa\u0142 R\u00f3\u017caniec, a w dni \u201ebez Mszy \u015bw.\u201d \u2013 R\u00f3\u017caniec b\u0119dzie o g. 17.00! B\u0119dzie to zmiana na okres jesienny\u2026&nbsp;<\/span><\/li>\n<li><span style=\"color: #000000;\"><strong>W \u015brod\u0119 24.09. \u2013 o g. 19.00<\/strong> &#8211; w auli Domu \u015aw. JP II odb\u0119dzie si\u0119 pierwsze, powakacyjne Spotkanie Biblijne z Ks. dr Ryszardem Kempiakiem; serdecznie zapraszamy wszystkich ch\u0119tnych, zainteresowanych Pismem \u015awi\u0119tym&#8230;<\/span><\/li>\n<li><span style=\"color: #000000;\"><strong>Do jutra<\/strong> (poniedzia\u0142ku) trwaj\u0105 zapisy m\u0142odzie\u017cy na sobotni wyjazd na \u015al\u0119\u017c\u0119. Wszystkie szczeg\u00f3\u0142y podane s\u0105 na stronie internetowej naszej Parafii.<\/span><\/li>\n<li><span style=\"color: #000000;\">Przypominamy, \u017ce <strong>deklaracje<\/strong> dla Dzieci Pierwszokomunijnych przyjmujemy od Rodzic\u00f3w do ko\u0144ca wrze\u015bnia.<\/span><\/li>\n<li><span style=\"color: #000000;\"><strong>Od przysz\u0142ego miesi\u0105ca<\/strong> rusza nowa inicjatywa skierowana do najm\u0142odszych parafian. Dzieci mi\u0119dzy 4 a 12 rokiem \u017cycia zapraszamy do udzia\u0142u w cotygodniowych zaj\u0119ciach w bibliotece parafialnej. Pierwsze spotkanie: w pi\u0105tek 3 pa\u017adziernika, o godzinie 18.00. Dzieci poni\u017cej 7 lat zapraszamy z opiekunem. Wi\u0119cej informacji na plakacie w gablocie i na <a href=\"https:\/\/nspj.wroclaw.pl\/new\/kompas-spotkania-dla-dzieci-w-wieku-4-12-lat\/\" target=\"_blank\" rel=\"noopener\">stronie parafialnej.<\/a><\/span><\/li>\n<li><span style=\"color: #000000;\">Poszukujemy ch\u0119tnej osoby, kt\u00f3ra chcia\u0142aby i mog\u0142aby poprowadzi\u0107 scholk\u0119 dzieci\u0119c\u0105 w naszej Parafii\u2026<\/span><\/li>\n<li><span style=\"color: #000000;\"><strong>Zach\u0119camy do lektury<\/strong> <em>Biuletynu <\/em>i prasy katolickiej\u2026<\/span><\/li>\n<\/ol>\n","protected":false},"excerpt":{"rendered":"<p>OG\u0141OSZENIA PARAFIALNE 21 wrze\u015bnia 2025 r. Prze\u017cywamy 25 niedziel\u0119 zwyk\u0142\u0105, 3. miesi\u0105ca wrze\u015bnia; po Mszy \u015bw. o g. 18.00 &#8211; pierwsze spotkanie Kandydat\u00f3w do Bierzmowania z klas \u00f3smych SP i klas pierwszych szk\u00f3\u0142 \u015brednich oraz ich Rodzic\u00f3w. Dzisiaj tak\u017ce na Mszy \u015bw. o g. 11.00 obchodzona jest rocznica Konsekracji ko\u015bcio\u0142a w Pruszowicach, kt\u00f3ra przypada\u0142a 18.09,&hellip; <br \/> <a class=\"read-more\" href=\"https:\/\/nspj.wroclaw.pl\/new\/25-niedziela-zwykla-21-09-2025-r\/\">Dowiedz si\u0119 wi\u0119cej<\/a><\/p>\n","protected":false},"author":1,"featured_media":8949,"comment_status":"closed","ping_status":"closed","sticky":false,"template":"","format":"standard","meta":{"ngg_post_thumbnail":0,"footnotes":""},"categories":[17],"tags":[],"class_list":["post-9923","post","type-post","status-publish","format-standard","has-post-thumbnail","hentry","category-ogloszenia"],"aioseo_notices":[],"_links":{"self":[{"href":"https:\/\/nspj.wroclaw.pl\/new\/wp-json\/wp\/v2\/posts\/9923","targetHints":{"allow":["GET"]}}],"collection":[{"href":"https:\/\/nspj.wroclaw.pl\/new\/wp-json\/wp\/v2\/posts"}],"about":[{"href":"https:\/\/nspj.wroclaw.pl\/new\/wp-json\/wp\/v2\/types\/post"}],"author":[{"embeddable":true,"href":"https:\/\/nspj.wroclaw.pl\/new\/wp-json\/wp\/v2\/users\/1"}],"replies":[{"embeddable":true,"href":"https:\/\/nspj.wroclaw.pl\/new\/wp-json\/wp\/v2\/comments?post=9923"}],"version-history":[{"count":3,"href":"https:\/\/nspj.wroclaw.pl\/new\/wp-json\/wp\/v2\/posts\/9923\/revisions"}],"predecessor-version":[{"id":9931,"href":"https:\/\/nspj.wroclaw.pl\/new\/wp-json\/wp\/v2\/posts\/9923\/revisions\/9931"}],"wp:featuredmedia":[{"embeddable":true,"href":"https:\/\/nspj.wroclaw.pl\/new\/wp-json\/wp\/v2\/media\/8949"}],"wp:attachment":[{"href":"https:\/\/nspj.wroclaw.pl\/new\/wp-json\/wp\/v2\/media?parent=9923"}],"wp:term":[{"taxonomy":"category","embeddable":true,"href":"https:\/\/nspj.wroclaw.pl\/new\/wp-json\/wp\/v2\/categories?post=9923"},{"taxonomy":"post_tag","embeddable":true,"href":"https:\/\/nspj.wroclaw.pl\/new\/wp-json\/wp\/v2\/tags?post=9923"}],"curies":[{"name":"wp","href":"https:\/\/api.w.org\/{rel}","templated":true}]}}