{"id":9880,"date":"2025-08-31T19:59:14","date_gmt":"2025-08-31T17:59:14","guid":{"rendered":"https:\/\/nspj.wroclaw.pl\/new\/?p=9880"},"modified":"2025-08-31T19:59:14","modified_gmt":"2025-08-31T17:59:14","slug":"22-niedziela-zwykla-31-08-2025-r","status":"publish","type":"post","link":"https:\/\/nspj.wroclaw.pl\/new\/22-niedziela-zwykla-31-08-2025-r\/","title":{"rendered":"22 niedziela zwyk\u0142a &#8211; 31.08.2025 r."},"content":{"rendered":"<p style=\"text-align: center;\"><span style=\"color: #000000;\"><strong>OG\u0141OSZENIA PARAFIALNE<br \/>\n<\/strong><strong>31 sierpnia 2025 r.<\/strong><\/span><\/p>\n<ol>\n<li><span style=\"color: #000000;\">Prze\u017cywamy ostatni\u0105 <strong>niedziel\u0119 miesi\u0105ca<\/strong> sierpnia; miesi\u0105ca abstynencji, ostatni dzie\u0144 wakacji\u2026<\/span><\/li>\n<li><span style=\"color: #000000;\">W poniedzia\u0142ek <strong> Wrze\u015bnia:<\/strong> rocznica wybuchu II wojny \u015bwiatowej, Dzie\u0144 Pami\u0119ci o Bohaterach i Ofiarach; ale tak\u017ce 1-y dzie\u0144 nowego roku szkolnego: <strong>o g. 16.30<\/strong> Msza \u015bw. w int. Dzieci, Rodzic\u00f3w, Nauczycieli, Wychowawc\u00f3w i Katechet\u00f3w; serdecznie zapraszamy, zw\u0142aszcza <strong>I-klasist\u00f3w, na po\u015bwiecenie tornistr\u00f3w!<\/strong><\/span><\/li>\n<li><span style=\"color: #000000;\">W <strong>kalendarzu liturgicznym<\/strong>: we <strong>wtorek 2.09. \u2013 <\/strong>W Pruszowicach o g. 19.00 \u2013 Msza \u015bw. w int. Ojczyzny; <strong>w \u015brod\u0119<\/strong> &#8211; wspomnienie \u015bw. Grzegorza Wielkiego, pap i dK; Nowenna do Matki Bo\u017cej Nieustaj\u0105cej Pomocy; <strong>I Czwartek<\/strong> \u2013 Msza \u015bw. o Chrystusie, Najwy\u017cszym I Wiecznym Kap\u0142anie: po Mszy \u015bw. adoracja NS i okazja do spowiedzi; <strong>I Pi\u0105tek: <\/strong>od 8.30 \u2013 odwiedziny Chorych, g. 15.00 \u2013 adoracja NS: Koronka do BM, od 17.00 \u2013 spowied\u017a I-pt; <strong>w Pruszowicach<\/strong> \u2013 od g. 18.30; <strong>I Sobota \u2013 <\/strong>od g. 8.15 \u2013 R\u00f3\u017caniec i Msza \u015bw. wotywna ku czci Niepok. Serca NMP; wieczorna z niedz.<\/span><\/li>\n<li><span style=\"color: #000000;\"><strong>Za tydzie\u0144<\/strong> \u2013 I Niedziela miesi\u0105ca \u2013 adoracyjna; Prymaria w int. od IV R\u00f3\u017cy \u017bR, po niej zmiana tajemnic \u017bR; ofiary przeznaczone na cele inwestycyjne\u2026<\/span><\/li>\n<li><span style=\"color: #000000;\">W zwi\u0105zku z <strong>APELEM pap. Leona XIV<\/strong> o modlitw\u0119 i pokut\u0119 w intencji pokoju na \u015bwiecie, \u015bpiewamy <strong>SUPLIKACJE<\/strong> podczas komunii, na ka\u017cdej Mszy \u015bw. w dni powszednie i \u015bwi\u0105teczne\u2026<\/span><\/li>\n<li><span style=\"color: #000000;\">Przypominamy, \u017ce istnieje <strong>mo\u017cliwo\u015b\u0107 adoracji indywidualnej <\/strong>NS w Kaplicy BM, codziennie od 8-ej do Mszy \u015bw. wieczornej\u2026<\/span><\/li>\n<li><span style=\"color: #000000;\">Zbli\u017ca si\u0119 <strong>termin naszego Diecezjalnego Czuwania<\/strong> na Jasnej G\u00f3rze, kt\u00f3re przypada <strong>09.; <\/strong>w tym roku planujemy wsp\u00f3lny wyjazd autokarowy z Parafi\u0105 \u015aw. Micha\u0142a Archanio\u0142a w D\u0142ugo\u0142\u0119ce; ch\u0119tnych zapraszamy do wpisywanie si\u0119 na list\u0119 znajduj\u0105c\u0105 si\u0119 w zakrystii; koszt nie zosta\u0142 jeszcze ustalony: wyjazd \u2013 19.9.g. 13.45 spod ko\u015bcio\u0142\u0105 na Paw\u0142owicach, a z D\u0142ugo\u0142\u0119ki o g. 14.00\u2026&nbsp;<\/span><\/li>\n<li><span style=\"color: #000000;\"><strong>Zach\u0119camy do lektury<\/strong> <em>Biuletynu Parafialnego<\/em> i prasy katolickiej\u2026<\/span><\/li>\n<li><span style=\"color: #000000;\"><strong>\u017byczymy <\/strong>b\u0142ogos\u0142awie\u0144stwa Bo\u017cego na ten Nowy Rok Szkolny, zw\u0142aszcza dla Dzieci, Rodzic\u00f3w, Nauczycieli i Wychowawc\u00f3w \u2026<\/span><\/li>\n<\/ol>\n<p>&nbsp;<\/p>\n<p><span style=\"color: #000000;\"><strong>AMDG <\/strong><\/span><\/p>\n<p>&nbsp;<\/p>\n<p>&nbsp;<\/p>\n","protected":false},"excerpt":{"rendered":"<p>OG\u0141OSZENIA PARAFIALNE 31 sierpnia 2025 r. Prze\u017cywamy ostatni\u0105 niedziel\u0119 miesi\u0105ca sierpnia; miesi\u0105ca abstynencji, ostatni dzie\u0144 wakacji\u2026 W poniedzia\u0142ek Wrze\u015bnia: rocznica wybuchu II wojny \u015bwiatowej, Dzie\u0144 Pami\u0119ci o Bohaterach i Ofiarach; ale tak\u017ce 1-y dzie\u0144 nowego roku szkolnego: o g. 16.30 Msza \u015bw. w int. Dzieci, Rodzic\u00f3w, Nauczycieli, Wychowawc\u00f3w i Katechet\u00f3w; serdecznie zapraszamy, zw\u0142aszcza I-klasist\u00f3w, na&hellip; <br \/> <a class=\"read-more\" href=\"https:\/\/nspj.wroclaw.pl\/new\/22-niedziela-zwykla-31-08-2025-r\/\">Dowiedz si\u0119 wi\u0119cej<\/a><\/p>\n","protected":false},"author":1,"featured_media":8949,"comment_status":"closed","ping_status":"closed","sticky":false,"template":"","format":"standard","meta":{"ngg_post_thumbnail":0,"footnotes":""},"categories":[17],"tags":[],"class_list":["post-9880","post","type-post","status-publish","format-standard","has-post-thumbnail","hentry","category-ogloszenia"],"aioseo_notices":[],"_links":{"self":[{"href":"https:\/\/nspj.wroclaw.pl\/new\/wp-json\/wp\/v2\/posts\/9880","targetHints":{"allow":["GET"]}}],"collection":[{"href":"https:\/\/nspj.wroclaw.pl\/new\/wp-json\/wp\/v2\/posts"}],"about":[{"href":"https:\/\/nspj.wroclaw.pl\/new\/wp-json\/wp\/v2\/types\/post"}],"author":[{"embeddable":true,"href":"https:\/\/nspj.wroclaw.pl\/new\/wp-json\/wp\/v2\/users\/1"}],"replies":[{"embeddable":true,"href":"https:\/\/nspj.wroclaw.pl\/new\/wp-json\/wp\/v2\/comments?post=9880"}],"version-history":[{"count":1,"href":"https:\/\/nspj.wroclaw.pl\/new\/wp-json\/wp\/v2\/posts\/9880\/revisions"}],"predecessor-version":[{"id":9881,"href":"https:\/\/nspj.wroclaw.pl\/new\/wp-json\/wp\/v2\/posts\/9880\/revisions\/9881"}],"wp:featuredmedia":[{"embeddable":true,"href":"https:\/\/nspj.wroclaw.pl\/new\/wp-json\/wp\/v2\/media\/8949"}],"wp:attachment":[{"href":"https:\/\/nspj.wroclaw.pl\/new\/wp-json\/wp\/v2\/media?parent=9880"}],"wp:term":[{"taxonomy":"category","embeddable":true,"href":"https:\/\/nspj.wroclaw.pl\/new\/wp-json\/wp\/v2\/categories?post=9880"},{"taxonomy":"post_tag","embeddable":true,"href":"https:\/\/nspj.wroclaw.pl\/new\/wp-json\/wp\/v2\/tags?post=9880"}],"curies":[{"name":"wp","href":"https:\/\/api.w.org\/{rel}","templated":true}]}}