{"id":9873,"date":"2025-08-23T19:00:14","date_gmt":"2025-08-23T17:00:14","guid":{"rendered":"https:\/\/nspj.wroclaw.pl\/new\/?p=9873"},"modified":"2025-08-23T19:05:33","modified_gmt":"2025-08-23T17:05:33","slug":"21-niedziela-zwykla-24-08-2025-r","status":"publish","type":"post","link":"https:\/\/nspj.wroclaw.pl\/new\/21-niedziela-zwykla-24-08-2025-r\/","title":{"rendered":"21 niedziela zwyk\u0142a \u2013 24.08.2025 r."},"content":{"rendered":"<p style=\"text-align: center;\"><span style=\"color: #000000;\"><strong>OG\u0141OSZENIA PARAFIALNE<br \/>\n<\/strong><strong>24 sierpnia 2025 r.<\/strong><\/span><\/p>\n<ol>\n<li><span style=\"color: #000000;\">Prze\u017cywamy <strong>4 Niedziel\u0119 <\/strong>miesi\u0105ca, kt\u00f3ry jest miesi\u0105cem abstynencji i modlitwy o trze\u017awo\u015b\u0107 naszego Narodu, ostatni tydzie\u0144 wakacji\u2026<\/span><\/li>\n<li><span style=\"color: #000000;\">W <strong>kalendarzu liturgicznym<\/strong>: <strong>we wtorek \u2013 <\/strong>26.08. \u2013 uroczysto\u015b\u0107 MB Cz\u0119stochowskiej; <strong>w \u015brod\u0119<\/strong> &#8211; wspomnienie \u015bw. Moniki i Nowenna do Matki Bo\u017cej Nieustaj\u0105cej Pomocy; <strong>w czwartek<\/strong> &#8211; wspomnienie \u015bw. Augustyna; <strong>w pi\u0105tek \u2013 <\/strong>wspomnienie M\u0119cze\u0144stwa \u015bw. Jana Chrzciciela; <strong>w sobot\u0119 \u2013 <\/strong>o g. 9.00 Msza \u015bw. ku czci NMP, a wieczorna z niedzieli\u2026<\/span><\/li>\n<li><span style=\"color: #000000;\">W zwi\u0105zku z <strong>APELEM pap. Leona XIV<\/strong> o modlitw\u0119 i pokut\u0119 w intencji pokoju na \u015bwiecie, zach\u0119camy do \u015bpiewania <strong>SUPLIKACJI<\/strong> podczas komunii, na ka\u017cdej Mszy \u015bw. zar\u00f3wno w dni powszednie jak i \u015bwi\u0105teczne<\/span><\/li>\n<li><span style=\"color: #000000;\">Dzi\u0119kujemy wszystkim, kt\u00f3rzy korzystaj\u0105 ju\u017c z <strong>mo\u017cliwo\u015bci adoracji indywidualnej <\/strong>NS w Kaplicy BM, otwartej codziennie od 8-ej do Mszy \u015bw. wieczornej; cieszymy si\u0119 zw\u0142aszcza z przyprowadzanych dzieci na t\u0119 adoracj\u0119&#8230;<\/span><\/li>\n<li><span style=\"color: #000000;\"><strong> Rodzicom przypominamy<\/strong> konieczno\u015b\u0107 podj\u0119cia decyzji w sprawie udzia\u0142u dziecka <strong>w tzw. \u201eedukacji zdrowotnej\u201d,<\/strong> kt\u00f3rej termin up\u0142ywa z dniem 25.09: chodzi o z\u0142o\u017cenie deklaracji, <strong>\u201eczy dziecko ma uczestniczy\u0107 w tych zaj\u0119ciach, czy nie\u201d???<\/strong><\/span><\/li>\n<li><span style=\"color: #000000;\">Dyrektor MIVA Polska przes\u0142a\u0142 do naszej Parafii podzi\u0119kowanie za ofiar\u0119 przekazan\u0105 na \u015brodki transportu dla misjonarzy, jaka zosta\u0142a zebrana przy okazji po\u015bwi\u0119cania pojazd\u00f3w podczas tegorocznej uroczysto\u015bci \u015aw. Krzysztofa; serdeczne \u201eB\u00f3g zap\u0142a\u0107\u201d tym, kt\u00f3rzy si\u0119 do tego dzie\u0142a <strong>\u201ejeden gr za 1 km\u201d <\/strong>dorzucili.<\/span><\/li>\n<li><span style=\"color: #000000;\">Na pro\u015bb\u0119 <strong>Komendy Miejskiej Policji we Wroc\u0142awiu<\/strong>, przekazujemy jej <strong>APEL<\/strong> nast\u0119puj\u0105cej tre\u015bci: [\u2026] <strong><a href=\"https:\/\/nspj.wroclaw.pl\/new\/wp-content\/uploads\/2025\/08\/Pismo-E-0151-1890-2025-MK.pdf\" target=\"_blank\" rel=\"noopener\"><u>w za\u0142\u0105czeniu!<\/u><\/a><\/strong><\/span><\/li>\n<li><span style=\"color: #000000;\">Panu Krzysztofowi Pomorskiemu sk\u0142adamy serdeczne podzi\u0119kowanie za przeprowadzenie gruntownej renowacji gabloty og\u0142oszeniowej, jaka si\u0119 znajduje w naro\u017cniku placu ko\u015bcielnego; <strong>serdeczne \u201eB\u00f3g zap\u0142a\u0107\u201d.<\/strong><\/span><\/li>\n<li><span style=\"color: #000000;\"><strong>Zach\u0119camy do lektury<\/strong> <em>Biuletynu Parafialnego<\/em> i prasy katolickiej\u2026<\/span><\/li>\n<li><span style=\"color: #000000;\"><strong> \u017byczymy <\/strong>b\u0142ogos\u0142awie\u0144stwa Bo\u017cego na \u201eostatki\u201d wakacyjne i urlopowe<\/span><\/li>\n<\/ol>\n<p><span style=\"color: #000000;\"><strong>AMDG <\/strong><\/span><\/p>\n<p>&nbsp;<\/p>\n<p>&nbsp;<\/p>\n","protected":false},"excerpt":{"rendered":"<p>OG\u0141OSZENIA PARAFIALNE 24 sierpnia 2025 r. Prze\u017cywamy 4 Niedziel\u0119 miesi\u0105ca, kt\u00f3ry jest miesi\u0105cem abstynencji i modlitwy o trze\u017awo\u015b\u0107 naszego Narodu, ostatni tydzie\u0144 wakacji\u2026 W kalendarzu liturgicznym: we wtorek \u2013 26.08. \u2013 uroczysto\u015b\u0107 MB Cz\u0119stochowskiej; w \u015brod\u0119 &#8211; wspomnienie \u015bw. Moniki i Nowenna do Matki Bo\u017cej Nieustaj\u0105cej Pomocy; w czwartek &#8211; wspomnienie \u015bw. Augustyna; w pi\u0105tek&hellip; <br \/> <a class=\"read-more\" href=\"https:\/\/nspj.wroclaw.pl\/new\/21-niedziela-zwykla-24-08-2025-r\/\">Dowiedz si\u0119 wi\u0119cej<\/a><\/p>\n","protected":false},"author":1,"featured_media":8949,"comment_status":"closed","ping_status":"closed","sticky":false,"template":"","format":"standard","meta":{"ngg_post_thumbnail":0,"footnotes":""},"categories":[1],"tags":[],"class_list":["post-9873","post","type-post","status-publish","format-standard","has-post-thumbnail","hentry","category-aktualnosci"],"aioseo_notices":[],"_links":{"self":[{"href":"https:\/\/nspj.wroclaw.pl\/new\/wp-json\/wp\/v2\/posts\/9873","targetHints":{"allow":["GET"]}}],"collection":[{"href":"https:\/\/nspj.wroclaw.pl\/new\/wp-json\/wp\/v2\/posts"}],"about":[{"href":"https:\/\/nspj.wroclaw.pl\/new\/wp-json\/wp\/v2\/types\/post"}],"author":[{"embeddable":true,"href":"https:\/\/nspj.wroclaw.pl\/new\/wp-json\/wp\/v2\/users\/1"}],"replies":[{"embeddable":true,"href":"https:\/\/nspj.wroclaw.pl\/new\/wp-json\/wp\/v2\/comments?post=9873"}],"version-history":[{"count":2,"href":"https:\/\/nspj.wroclaw.pl\/new\/wp-json\/wp\/v2\/posts\/9873\/revisions"}],"predecessor-version":[{"id":9877,"href":"https:\/\/nspj.wroclaw.pl\/new\/wp-json\/wp\/v2\/posts\/9873\/revisions\/9877"}],"wp:featuredmedia":[{"embeddable":true,"href":"https:\/\/nspj.wroclaw.pl\/new\/wp-json\/wp\/v2\/media\/8949"}],"wp:attachment":[{"href":"https:\/\/nspj.wroclaw.pl\/new\/wp-json\/wp\/v2\/media?parent=9873"}],"wp:term":[{"taxonomy":"category","embeddable":true,"href":"https:\/\/nspj.wroclaw.pl\/new\/wp-json\/wp\/v2\/categories?post=9873"},{"taxonomy":"post_tag","embeddable":true,"href":"https:\/\/nspj.wroclaw.pl\/new\/wp-json\/wp\/v2\/tags?post=9873"}],"curies":[{"name":"wp","href":"https:\/\/api.w.org\/{rel}","templated":true}]}}