{"id":9859,"date":"2025-08-16T10:21:52","date_gmt":"2025-08-16T08:21:52","guid":{"rendered":"https:\/\/nspj.wroclaw.pl\/new\/?p=9859"},"modified":"2025-08-16T22:28:06","modified_gmt":"2025-08-16T20:28:06","slug":"pielgrzymka-do-katedry-swidnicy-kosciola-jubileuszowego-oraz-kosciola-pokoju","status":"publish","type":"post","link":"https:\/\/nspj.wroclaw.pl\/new\/pielgrzymka-do-katedry-swidnicy-kosciola-jubileuszowego-oraz-kosciola-pokoju\/","title":{"rendered":"Pielgrzymka do Katedry w \u015awidnicy &#8211; Ko\u015bcio\u0142a Jubileuszowego oraz Ko\u015bcio\u0142a Pokoju"},"content":{"rendered":"<p><span style=\"color: #000000;\">Klub Pielgrzymkowo \u2013Turystyczny zaprasza na Pielgrzymk\u0119 do Ko\u015bcio\u0142a Jubileuszowego w \u015awidnicy \u2013 Katedry i mieszcz\u0105cego si\u0119 w niej Sanktuarium Matki Bo\u017cej \u015awidnickiej Uzdrowienia Chorych w ramach obchod\u00f3w Roku Jubileuszowego 2025.<\/span><\/p>\n<p><span style=\"color: #000000;\">Pielgrzymka odb\u0119dzie si\u0119 w dniu 23.08.2025 r (sobota). W programie pielgrzymki nawiedzenie Katedry i Msza \u015awi\u0119ta w Sanktuarium, &nbsp;mo\u017cliwo\u015b\u0107 uzyskania odpustu&nbsp; zupe\u0142nego, zwiedzanie Katedry z przewodnikiem a nast\u0119pnie udamy si\u0119 do Ko\u015bcio\u0142a Pokoju (zabytek ze \u015bwiatowej listy UNESCO), &nbsp;a jak wystarczy czasu to odwiedzimy Muzeum Dawnego Kupiectwa<\/span><\/p>\n<p>&nbsp;<\/p>\n<p><span style=\"color: #000000;\">Zapisy na pielgrzymk\u0119 w dniach 18 (poniedzia\u0142ek) i 19 (wtorek) 08.2025r&nbsp; po wieczornej Mszy \u015aw. w auli Domu JP II<\/span><\/p>\n","protected":false},"excerpt":{"rendered":"<p>Klub Pielgrzymkowo \u2013Turystyczny zaprasza na Pielgrzymk\u0119 do Ko\u015bcio\u0142a Jubileuszowego w \u015awidnicy \u2013 Katedry i mieszcz\u0105cego si\u0119 w niej Sanktuarium Matki Bo\u017cej \u015awidnickiej Uzdrowienia Chorych w ramach obchod\u00f3w Roku Jubileuszowego 2025. Pielgrzymka odb\u0119dzie si\u0119 w dniu 23.08.2025 r (sobota). W programie pielgrzymki nawiedzenie Katedry i Msza \u015awi\u0119ta w Sanktuarium, &nbsp;mo\u017cliwo\u015b\u0107 uzyskania odpustu&nbsp; zupe\u0142nego, zwiedzanie Katedry z&hellip; <br \/> <a class=\"read-more\" href=\"https:\/\/nspj.wroclaw.pl\/new\/pielgrzymka-do-katedry-swidnicy-kosciola-jubileuszowego-oraz-kosciola-pokoju\/\">Dowiedz si\u0119 wi\u0119cej<\/a><\/p>\n","protected":false},"author":1,"featured_media":9860,"comment_status":"closed","ping_status":"closed","sticky":false,"template":"","format":"standard","meta":{"ngg_post_thumbnail":0,"footnotes":""},"categories":[1],"tags":[],"class_list":["post-9859","post","type-post","status-publish","format-standard","has-post-thumbnail","hentry","category-aktualnosci"],"aioseo_notices":[],"_links":{"self":[{"href":"https:\/\/nspj.wroclaw.pl\/new\/wp-json\/wp\/v2\/posts\/9859","targetHints":{"allow":["GET"]}}],"collection":[{"href":"https:\/\/nspj.wroclaw.pl\/new\/wp-json\/wp\/v2\/posts"}],"about":[{"href":"https:\/\/nspj.wroclaw.pl\/new\/wp-json\/wp\/v2\/types\/post"}],"author":[{"embeddable":true,"href":"https:\/\/nspj.wroclaw.pl\/new\/wp-json\/wp\/v2\/users\/1"}],"replies":[{"embeddable":true,"href":"https:\/\/nspj.wroclaw.pl\/new\/wp-json\/wp\/v2\/comments?post=9859"}],"version-history":[{"count":2,"href":"https:\/\/nspj.wroclaw.pl\/new\/wp-json\/wp\/v2\/posts\/9859\/revisions"}],"predecessor-version":[{"id":9862,"href":"https:\/\/nspj.wroclaw.pl\/new\/wp-json\/wp\/v2\/posts\/9859\/revisions\/9862"}],"wp:featuredmedia":[{"embeddable":true,"href":"https:\/\/nspj.wroclaw.pl\/new\/wp-json\/wp\/v2\/media\/9860"}],"wp:attachment":[{"href":"https:\/\/nspj.wroclaw.pl\/new\/wp-json\/wp\/v2\/media?parent=9859"}],"wp:term":[{"taxonomy":"category","embeddable":true,"href":"https:\/\/nspj.wroclaw.pl\/new\/wp-json\/wp\/v2\/categories?post=9859"},{"taxonomy":"post_tag","embeddable":true,"href":"https:\/\/nspj.wroclaw.pl\/new\/wp-json\/wp\/v2\/tags?post=9859"}],"curies":[{"name":"wp","href":"https:\/\/api.w.org\/{rel}","templated":true}]}}