{"id":9857,"date":"2025-08-16T22:21:23","date_gmt":"2025-08-16T20:21:23","guid":{"rendered":"https:\/\/nspj.wroclaw.pl\/new\/?p=9857"},"modified":"2025-08-16T22:21:23","modified_gmt":"2025-08-16T20:21:23","slug":"20-niedziela-zwykla-17-08-2025-r","status":"publish","type":"post","link":"https:\/\/nspj.wroclaw.pl\/new\/20-niedziela-zwykla-17-08-2025-r\/","title":{"rendered":"20 niedziela zwyk\u0142a \u2013 17.08.2025 r."},"content":{"rendered":"<p style=\"text-align: center;\"><span style=\"color: #000000;\"><strong>OG\u0141OSZENIA PARAFIALNE<br \/>\n<\/strong><\/span><span style=\"color: #000000;\"><strong>17 sierpnia 2025 r.<\/strong><\/span><\/p>\n<ol>\n<li><span style=\"color: #000000;\">Prze\u017cywamy <strong>3 Niedziel\u0119 sierpnia, <\/strong>miesi\u0105ca abstynencji i modlitwy o trze\u017awo\u015b\u0107 naszego Narodu; w kalendarzu liturgicznym wspomnienie \u015bw. Jacka \u2013 odpust na Swojcu; pami\u0119tamy te\u017c w modlitwie o Bp. Jacku.<\/span><\/li>\n<li><span style=\"color: #000000;\">Jak co miesi\u0105c, odbywa si\u0119 tak\u017ce <strong>zbi\u00f3rka ofiar PZC.<\/strong> Dzi\u0119kujemy za wspieranie tego dzie\u0142a dora\u017anej pomocy w naszym \u015brodowisku\u2026<\/span><\/li>\n<li><span style=\"color: #000000;\">W <strong>kalendarzu liturgicznym<\/strong>: <strong>w \u015brod\u0119<\/strong>: wspomnienie \u015bw. Bernarda i Nowenna do Matki Bo\u017cej Nieustaj\u0105cej Pomocy; <strong>w czwartek<\/strong>: wspomnienie \u015bw. Piusa X \u2013 Patrona naszego WSD; <strong>w pi\u0105tek \u2013 22.08 \u2013 NMP, Kr\u00f3lowej: <\/strong>Apel ku czci \u015aw. JP II \u2013 poprowadz\u0105 Szafarze NK\u015aw.; <strong>w sobot\u0119 \u2013 23.08 \u2013 <\/strong>na wieczornej Mszy \u015bw. PZC poprowadzi Czuwanie ze \u015aw. O. Pio \u2013 w int. Dusz Zmar\u0142ych w Czy\u015b\u0107cu cierpi\u0105cych\u2026 &nbsp;<\/span><\/li>\n<li><span style=\"color: #000000;\">Przypominamy i zach\u0119camy do korzystania z <strong>mo\u017cliwo\u015bci adoracji indywidualnej <\/strong>NS w Kaplicy BM, codziennie od 8-ej do Mszy \u015bw. o 18.<\/span><\/li>\n<li><span style=\"color: #000000;\"><strong> Rodzicom przypominamy<\/strong> o konieczno\u015bci podj\u0119cia decyzji w sprawie udzia\u0142u ich dziecka <strong>w tzw. \u201eedukacji zdrowotnej\u201d<\/strong> do 25.09: chodzi bowiem o z\u0142o\u017cenie deklaracji, <strong>\u201eczy dziecko ma uczestniczy\u0107 w tych zaj\u0119ciach, czy nie\u201d??? <\/strong>Ze wszelkimi tego dalszymi konsekwencjami\u2026<\/span><\/li>\n<li><span style=\"color: #000000;\">W zwi\u0105zku z interwencj\u0105 UM dotycz\u0105c\u0105 <strong>u\u017cywania dzwon\u00f3w ko\u015bcielnych<\/strong>, Parafia przes\u0142a\u0142a do UM Wydzia\u0142 \u015arodowiska \u2013 pismo nast\u0119puj\u0105cej tre\u015bci: [\u2026] w za\u0142\u0105czeniu\u2026<\/span><\/li>\n<li><span style=\"color: #000000;\"><strong>Zach\u0119camy do lektury<\/strong> <em>Biuletynu Parafialnego<\/em> i prasy katolickiej\u2026<\/span><\/li>\n<li><span style=\"color: #000000;\"><strong> \u017byczymy <\/strong>b\u0142ogos\u0142awie\u0144stwa Bo\u017cego na pozosta\u0142e jeszcze dni wakacyjne i urlopowe\u2026<\/span><\/li>\n<\/ol>\n<p><span style=\"color: #000000;\"><strong>AMDG <\/strong><\/span><\/p>\n<p>&nbsp;<\/p>\n<p>&nbsp;<\/p>\n","protected":false},"excerpt":{"rendered":"<p>OG\u0141OSZENIA PARAFIALNE 17 sierpnia 2025 r. Prze\u017cywamy 3 Niedziel\u0119 sierpnia, miesi\u0105ca abstynencji i modlitwy o trze\u017awo\u015b\u0107 naszego Narodu; w kalendarzu liturgicznym wspomnienie \u015bw. Jacka \u2013 odpust na Swojcu; pami\u0119tamy te\u017c w modlitwie o Bp. Jacku. Jak co miesi\u0105c, odbywa si\u0119 tak\u017ce zbi\u00f3rka ofiar PZC. Dzi\u0119kujemy za wspieranie tego dzie\u0142a dora\u017anej pomocy w naszym \u015brodowisku\u2026 W&hellip; <br \/> <a class=\"read-more\" href=\"https:\/\/nspj.wroclaw.pl\/new\/20-niedziela-zwykla-17-08-2025-r\/\">Dowiedz si\u0119 wi\u0119cej<\/a><\/p>\n","protected":false},"author":1,"featured_media":8949,"comment_status":"closed","ping_status":"closed","sticky":false,"template":"","format":"standard","meta":{"ngg_post_thumbnail":0,"footnotes":""},"categories":[17],"tags":[],"class_list":["post-9857","post","type-post","status-publish","format-standard","has-post-thumbnail","hentry","category-ogloszenia"],"aioseo_notices":[],"_links":{"self":[{"href":"https:\/\/nspj.wroclaw.pl\/new\/wp-json\/wp\/v2\/posts\/9857","targetHints":{"allow":["GET"]}}],"collection":[{"href":"https:\/\/nspj.wroclaw.pl\/new\/wp-json\/wp\/v2\/posts"}],"about":[{"href":"https:\/\/nspj.wroclaw.pl\/new\/wp-json\/wp\/v2\/types\/post"}],"author":[{"embeddable":true,"href":"https:\/\/nspj.wroclaw.pl\/new\/wp-json\/wp\/v2\/users\/1"}],"replies":[{"embeddable":true,"href":"https:\/\/nspj.wroclaw.pl\/new\/wp-json\/wp\/v2\/comments?post=9857"}],"version-history":[{"count":1,"href":"https:\/\/nspj.wroclaw.pl\/new\/wp-json\/wp\/v2\/posts\/9857\/revisions"}],"predecessor-version":[{"id":9858,"href":"https:\/\/nspj.wroclaw.pl\/new\/wp-json\/wp\/v2\/posts\/9857\/revisions\/9858"}],"wp:featuredmedia":[{"embeddable":true,"href":"https:\/\/nspj.wroclaw.pl\/new\/wp-json\/wp\/v2\/media\/8949"}],"wp:attachment":[{"href":"https:\/\/nspj.wroclaw.pl\/new\/wp-json\/wp\/v2\/media?parent=9857"}],"wp:term":[{"taxonomy":"category","embeddable":true,"href":"https:\/\/nspj.wroclaw.pl\/new\/wp-json\/wp\/v2\/categories?post=9857"},{"taxonomy":"post_tag","embeddable":true,"href":"https:\/\/nspj.wroclaw.pl\/new\/wp-json\/wp\/v2\/tags?post=9857"}],"curies":[{"name":"wp","href":"https:\/\/api.w.org\/{rel}","templated":true}]}}