{"id":9835,"date":"2025-08-09T22:38:43","date_gmt":"2025-08-09T20:38:43","guid":{"rendered":"https:\/\/nspj.wroclaw.pl\/new\/?p=9835"},"modified":"2025-08-09T22:43:57","modified_gmt":"2025-08-09T20:43:57","slug":"19-niedziela-zwykla-10-08-2025-r","status":"publish","type":"post","link":"https:\/\/nspj.wroclaw.pl\/new\/19-niedziela-zwykla-10-08-2025-r\/","title":{"rendered":"19 niedziela zwyk\u0142a \u2013 10.08.2025 r."},"content":{"rendered":"<p style=\"text-align: center;\"><span style=\"color: #000000;\"><strong>OG\u0141OSZENIA PARAFIALNE<br \/>\n<\/strong><strong>10 sierpnia 2025 r.<\/strong><\/span><\/p>\n<ol>\n<li><span style=\"color: #000000;\">Prze\u017cywamy <strong>sierpie\u0144, jako miesi\u0105c abstynencji i modlitwy o trze\u017awo\u015b\u0107 naszego Narodu.<\/strong> Zach\u0119camy do trwania w postanowieniach abstynencji oraz wpisywania ich do Parafialnej Ksi\u0119gi Abstynencji.<\/span><\/li>\n<li><span style=\"color: #000000;\">Dzisiaj przypada <strong>19. niedziela zwyk\u0142a<\/strong> w roku liturgicznym. Dzi\u0119kujemy za ofiary sk\u0142adane tydzie\u0144 temu na tac\u0119, kt\u00f3re by\u0142y przeznaczone na prace inwestycyjne w Parafii; na Paw\u0142owicach by\u0142o to 3&nbsp;384 z\u0142, a w Pruszowicach = 642 z\u0142. Dzi\u0119kujemy te\u017c za wp\u0142aty rodzinne na sprz\u0105tanie i kwiaty, zar\u00f3wno na Paw\u0142owicach, jak i w Pruszowicach; na Paw\u0142owicach od 5.05.b.r. by\u0142o ich 96, a \u015brednia ofiar wynios\u0142a 99 z\u0142; tak\u017ce za ofiary na konto parafialne. Serdeczne \u201eB\u00f3g zap\u0142a\u0107\u201d. &nbsp;<\/span><\/li>\n<li><span style=\"color: #000000;\">W <strong>kalendarzu liturgicznym<\/strong>: &#8211; <strong>w poniedzia\u0142ek<\/strong>: wspomnienie \u015bw. Klary, dziewicy; <strong>w \u015brod\u0119<\/strong>: Nowenna do Matki Bo\u017cej Nieustaj\u0105cej Pomocy; <strong>w czwartek<\/strong>: wspomnienie \u015bw. Maksymiliana Marii Kolbego;<\/span><\/li>\n<li><span style=\"color: #000000;\"><strong>W pi\u0105tek 15.08:<\/strong> \u015bwi\u0119to <strong>Wniebowzi\u0119cia NMP, <\/strong>to r\u00f3wnie\u017c 105 r. \u201eCudu nad Wis\u0142\u0105\u201d: Msze \u015bw. wg porz\u0105dku niedzielnego; tylko w Pruszowicach zmiana, zamiast o 11-tej \u2013 Msza \u015bw. do\u017cynkowa o g. 14-tej, na kt\u00f3r\u0105 serdecznie zapraszamy; program szczeg\u00f3\u0142owy znajdziemy na tablicy og\u0142osze\u0144 oraz w Internecie! Na ka\u017cdej Mszy \u015bw. b\u0119dzie mia\u0142o miejsce po\u015bwi\u0119cenie zi\u00f3\u0142, owoc\u00f3w i warzyw!<\/span><\/li>\n<li><span style=\"color: #000000;\"><strong> Za tydzie\u0144<\/strong> 3-a niedziela miesi\u0105c; zbi\u00f3rka ofiar przez PZC\u2026<\/span><\/li>\n<li><span style=\"color: #000000;\"><strong>Od 01.08.<\/strong> zapraszamy serdecznie na indywidualn\u0105 adoracj\u0119 NS w Kaplicy Mi\u0142osierdzia Bo\u017cego, kt\u00f3ra jest otwarta codziennie od g. 8-ej do Mszy \u015bw. wieczornej&#8230;<\/span><\/li>\n<li><span style=\"color: #000000;\">Informujemy te\u017c naszych Parafian, \u017ce z UM wp\u0142yn\u0119\u0142o pismo odno\u015bnie <strong>u\u017cywania dzwon\u00f3w ko\u015bcielnych<\/strong>, pod wp\u0142ywem interwencji kogo\u015b z mieszka\u0144c\u00f3w Osiedla, aby ograniczy\u0107 ich u\u017cywanie; w zwi\u0105zku z powy\u017cszym zosta\u0142y wdro\u017cone pewne korekty w tym wzgl\u0119dzie. Liczymy na poczucie wi\u0119kszej wyrozumia\u0142o\u015bci spo\u0142ecznej\u2026<\/span><\/li>\n<li><span style=\"color: #000000;\"><strong>Zach\u0119camy do lektury<\/strong> <em>Biuletynu Parafialnego<\/em> i prasy katolickiej.<\/span><\/li>\n<li><span style=\"color: #000000;\"><strong> \u017byczymy <\/strong>b\u0142ogos\u0142awie\u0144stwa Bo\u017cego na kolejne dni wakacyjne i urlopowe, jakie nam jeszcze pozosta\u0142y\u2026<\/span><\/li>\n<\/ol>\n<p><span style=\"color: #000000;\"><strong>AMDG <\/strong><\/span><\/p>\n<p>&nbsp;<\/p>\n<p>&nbsp;<\/p>\n","protected":false},"excerpt":{"rendered":"<p>OG\u0141OSZENIA PARAFIALNE 10 sierpnia 2025 r. Prze\u017cywamy sierpie\u0144, jako miesi\u0105c abstynencji i modlitwy o trze\u017awo\u015b\u0107 naszego Narodu. Zach\u0119camy do trwania w postanowieniach abstynencji oraz wpisywania ich do Parafialnej Ksi\u0119gi Abstynencji. Dzisiaj przypada 19. niedziela zwyk\u0142a w roku liturgicznym. Dzi\u0119kujemy za ofiary sk\u0142adane tydzie\u0144 temu na tac\u0119, kt\u00f3re by\u0142y przeznaczone na prace inwestycyjne w Parafii; na&hellip; <br \/> <a class=\"read-more\" href=\"https:\/\/nspj.wroclaw.pl\/new\/19-niedziela-zwykla-10-08-2025-r\/\">Dowiedz si\u0119 wi\u0119cej<\/a><\/p>\n","protected":false},"author":1,"featured_media":8949,"comment_status":"closed","ping_status":"closed","sticky":false,"template":"","format":"standard","meta":{"ngg_post_thumbnail":0,"footnotes":""},"categories":[17],"tags":[],"class_list":["post-9835","post","type-post","status-publish","format-standard","has-post-thumbnail","hentry","category-ogloszenia"],"aioseo_notices":[],"_links":{"self":[{"href":"https:\/\/nspj.wroclaw.pl\/new\/wp-json\/wp\/v2\/posts\/9835","targetHints":{"allow":["GET"]}}],"collection":[{"href":"https:\/\/nspj.wroclaw.pl\/new\/wp-json\/wp\/v2\/posts"}],"about":[{"href":"https:\/\/nspj.wroclaw.pl\/new\/wp-json\/wp\/v2\/types\/post"}],"author":[{"embeddable":true,"href":"https:\/\/nspj.wroclaw.pl\/new\/wp-json\/wp\/v2\/users\/1"}],"replies":[{"embeddable":true,"href":"https:\/\/nspj.wroclaw.pl\/new\/wp-json\/wp\/v2\/comments?post=9835"}],"version-history":[{"count":2,"href":"https:\/\/nspj.wroclaw.pl\/new\/wp-json\/wp\/v2\/posts\/9835\/revisions"}],"predecessor-version":[{"id":9837,"href":"https:\/\/nspj.wroclaw.pl\/new\/wp-json\/wp\/v2\/posts\/9835\/revisions\/9837"}],"wp:featuredmedia":[{"embeddable":true,"href":"https:\/\/nspj.wroclaw.pl\/new\/wp-json\/wp\/v2\/media\/8949"}],"wp:attachment":[{"href":"https:\/\/nspj.wroclaw.pl\/new\/wp-json\/wp\/v2\/media?parent=9835"}],"wp:term":[{"taxonomy":"category","embeddable":true,"href":"https:\/\/nspj.wroclaw.pl\/new\/wp-json\/wp\/v2\/categories?post=9835"},{"taxonomy":"post_tag","embeddable":true,"href":"https:\/\/nspj.wroclaw.pl\/new\/wp-json\/wp\/v2\/tags?post=9835"}],"curies":[{"name":"wp","href":"https:\/\/api.w.org\/{rel}","templated":true}]}}