{"id":9814,"date":"2025-07-19T17:28:37","date_gmt":"2025-07-19T15:28:37","guid":{"rendered":"https:\/\/nspj.wroclaw.pl\/new\/?p=9814"},"modified":"2025-07-15T15:29:58","modified_gmt":"2025-07-15T13:29:58","slug":"16-niedziela-zwykla-20-07-2025-ogloszenia","status":"publish","type":"post","link":"https:\/\/nspj.wroclaw.pl\/new\/16-niedziela-zwykla-20-07-2025-ogloszenia\/","title":{"rendered":"16 niedziela zwyk\u0142a \u2013 20.07.2025 Og\u0142oszenia"},"content":{"rendered":"<p><span style=\"color: #000000;\"><strong>OG\u0141OSZENIA PARAFIALNE<\/strong><\/span><\/p>\n<p><span style=\"color: #000000;\"><strong>20 lipca 2025 r.<\/strong><\/span><\/p>\n<p><span style=\"color: #000000;\"><strong>&nbsp;<\/strong><\/span><\/p>\n<ol>\n<li><span style=\"color: #000000;\">Dzi\u015b przypada 16. niedziela zwyk\u0142a w roku liturgicznym, a we Wroc\u0142awiu obchodzimy Uroczysto\u015b\u0107 Patrona Miasta &#8211; <strong>b\u0142. Czes\u0142awa<\/strong>.<\/span><\/li>\n<li><span style=\"color: #000000;\"><strong>Parafialny Zesp\u00f3\u0142 CARITAS<\/strong> prowadzi dzisiaj zbi\u00f3rk\u0119 na pomoc materialn\u0105 dla os\u00f3b potrzebuj\u0105cych w naszym \u015brodowisku.<\/span><\/li>\n<li><span style=\"color: #000000;\">W <strong>kalendarzu<\/strong>:<\/span><\/li>\n<\/ol>\n<p><span style=\"color: #000000;\">&#8211; we wtorek: \u015bwi\u0119to \u015bw. Marii Magdaleny<\/span><\/p>\n<p><span style=\"color: #000000;\">&#8211; w \u015brod\u0119: \u015bwi\u0119to \u015bw. Brygidy, patronki Europy, a tak\u017ce Nowenna do Matki Bo\u017cej Nieustaj\u0105cej Pomocy<\/span><\/p>\n<p><span style=\"color: #000000;\">&#8211; w czwartek: wspomnienie \u015bw. Kingi,<\/span><\/p>\n<p><span style=\"color: #000000;\">&#8211; w pi\u0105tek: \u015bwi\u0119to \u015bw. Jakuba Aposto\u0142a, a tak\u017ce wspomnienie <\/span><br \/>\n<span style=\"color: #000000;\">\u015bw. Krzysztofa, patrona kierowc\u00f3w i podr\u00f3\u017cuj\u0105cych<\/span><\/p>\n<p><span style=\"color: #000000;\">&#8211; w sobot\u0119: wspomnienie \u015bw. Joachima i Anny, Rodzic\u00f3w NMP.<\/span><\/p>\n<ol start=\"4\">\n<li><span style=\"color: #000000;\">We wtorek na zako\u0144czenie wieczornej Mszy \u015bw. Klub Seniora poprowadzi <strong>apel ku czci \u015bw. Jana Paw\u0142a II<\/strong>.<\/span><\/li>\n<li><span style=\"color: #000000;\">W \u015brod\u0119 na zako\u0144czenie wieczornej Mszy \u015bw. r\u00f3wnie\u017c Klub Seniora poprowadzi <strong>czuwanie ze \u015bw. O. Pio<\/strong>.<\/span><\/li>\n<li><span style=\"color: #000000;\">B\u0119dzie mo\u017cna przyj\u0105\u0107 <strong>b\u0142ogos\u0142awie\u0144stwo kierowc\u00f3w i pojazd\u00f3w:<\/strong> <\/span><br \/>\n<span style=\"color: #000000;\">w Pruszowicach w \u015brod\u0119 po Mszy \u015bw. o g. 19.00, a na Paw\u0142owicach w pi\u0105tek po Mszy \u015bw. o g. 18.00. Ofiary sk\u0142adane przy tej okazji s\u0105 form\u0105 pomocy dla misjonarzy, na zakup potrzebnych dla nich pojazd\u00f3w.<\/span><\/li>\n<li><span style=\"color: #000000;\">Przypominamy, \u017ce w lipcu i sierpniu pi\u0105tkowa Koronka do Bo\u017cego Mi\u0142osierdzia i adoracja jedynie w pierwsze pi\u0105tki miesi\u0105ca.<\/span><\/li>\n<li><span style=\"color: #000000;\">W gablocie wywieszone s\u0105 informacje na temat <strong>45. Wroc\u0142awskiej Pieszej Pielgrzymki na Jasn\u0105 G\u00f3r\u0119<\/strong> \u2013 zar\u00f3wno dla pielgrzym\u00f3w pieszych jak i duchowych. Zach\u0119camy do udzia\u0142u w Pielgrzymce.<\/span><\/li>\n<li><span style=\"color: #000000;\">Dzi\u0119kujemy za ofiary z\u0142o\u017cone na sprz\u0105tanie i dekorowanie ko\u015bcio\u0142\u00f3w.<\/span><\/li>\n<li><span style=\"color: #000000;\">15 sierpnia, czyli w Uroczysto\u015b\u0107 Wniebowzi\u0119cia NMP, o g. 14.00 w Pruszowicach zostanie odprawiona <strong>Msza \u015bw. do\u017cynkowa<\/strong> dla ca\u0142ego So\u0142ectwa. Odwo\u0142ana zostaje w tym dniu Msza \u015bw. o g. 11.00.<\/span><\/li>\n<li><span style=\"color: #000000;\">Zach\u0119camy do lektury Biuletynu Parafialnego i prasy katolickiej.<\/span><\/li>\n<\/ol>\n<p><span style=\"color: #000000;\">AMDG<\/span><\/p>\n","protected":false},"excerpt":{"rendered":"<p>OG\u0141OSZENIA PARAFIALNE 20 lipca 2025 r. &nbsp; Dzi\u015b przypada 16. niedziela zwyk\u0142a w roku liturgicznym, a we Wroc\u0142awiu obchodzimy Uroczysto\u015b\u0107 Patrona Miasta &#8211; b\u0142. Czes\u0142awa. Parafialny Zesp\u00f3\u0142 CARITAS prowadzi dzisiaj zbi\u00f3rk\u0119 na pomoc materialn\u0105 dla os\u00f3b potrzebuj\u0105cych w naszym \u015brodowisku. W kalendarzu: &#8211; we wtorek: \u015bwi\u0119to \u015bw. Marii Magdaleny &#8211; w \u015brod\u0119: \u015bwi\u0119to \u015bw. Brygidy,&hellip; <br \/> <a class=\"read-more\" href=\"https:\/\/nspj.wroclaw.pl\/new\/16-niedziela-zwykla-20-07-2025-ogloszenia\/\">Dowiedz si\u0119 wi\u0119cej<\/a><\/p>\n","protected":false},"author":1,"featured_media":8949,"comment_status":"closed","ping_status":"closed","sticky":false,"template":"","format":"standard","meta":{"ngg_post_thumbnail":0,"footnotes":""},"categories":[1],"tags":[],"class_list":["post-9814","post","type-post","status-publish","format-standard","has-post-thumbnail","hentry","category-aktualnosci"],"aioseo_notices":[],"_links":{"self":[{"href":"https:\/\/nspj.wroclaw.pl\/new\/wp-json\/wp\/v2\/posts\/9814","targetHints":{"allow":["GET"]}}],"collection":[{"href":"https:\/\/nspj.wroclaw.pl\/new\/wp-json\/wp\/v2\/posts"}],"about":[{"href":"https:\/\/nspj.wroclaw.pl\/new\/wp-json\/wp\/v2\/types\/post"}],"author":[{"embeddable":true,"href":"https:\/\/nspj.wroclaw.pl\/new\/wp-json\/wp\/v2\/users\/1"}],"replies":[{"embeddable":true,"href":"https:\/\/nspj.wroclaw.pl\/new\/wp-json\/wp\/v2\/comments?post=9814"}],"version-history":[{"count":1,"href":"https:\/\/nspj.wroclaw.pl\/new\/wp-json\/wp\/v2\/posts\/9814\/revisions"}],"predecessor-version":[{"id":9815,"href":"https:\/\/nspj.wroclaw.pl\/new\/wp-json\/wp\/v2\/posts\/9814\/revisions\/9815"}],"wp:featuredmedia":[{"embeddable":true,"href":"https:\/\/nspj.wroclaw.pl\/new\/wp-json\/wp\/v2\/media\/8949"}],"wp:attachment":[{"href":"https:\/\/nspj.wroclaw.pl\/new\/wp-json\/wp\/v2\/media?parent=9814"}],"wp:term":[{"taxonomy":"category","embeddable":true,"href":"https:\/\/nspj.wroclaw.pl\/new\/wp-json\/wp\/v2\/categories?post=9814"},{"taxonomy":"post_tag","embeddable":true,"href":"https:\/\/nspj.wroclaw.pl\/new\/wp-json\/wp\/v2\/tags?post=9814"}],"curies":[{"name":"wp","href":"https:\/\/api.w.org\/{rel}","templated":true}]}}