{"id":9806,"date":"2025-07-13T10:48:48","date_gmt":"2025-07-13T08:48:48","guid":{"rendered":"https:\/\/nspj.wroclaw.pl\/new\/?p=9806"},"modified":"2025-07-13T10:48:48","modified_gmt":"2025-07-13T08:48:48","slug":"15-niedziela-zwykla-13-07-2025-ogloszenia","status":"publish","type":"post","link":"https:\/\/nspj.wroclaw.pl\/new\/15-niedziela-zwykla-13-07-2025-ogloszenia\/","title":{"rendered":"15 niedziela zwyk\u0142a &#8211; 13.07.2025 Og\u0142oszenia"},"content":{"rendered":"<p><span style=\"color: #000000;\"><strong>OG\u0141OSZENIA PARAFIALNE<\/strong><\/span><\/p>\n<p><span style=\"color: #000000;\"><strong>13 lipca 2025 r.<\/strong><\/span><\/p>\n<p><span style=\"color: #000000;\"><strong>&nbsp;<\/strong><\/span><\/p>\n<ol>\n<li><span style=\"color: #000000;\">Dzi\u015b przypada 15. niedziela zwyk\u0142a w roku liturgicznym.<\/span><\/li>\n<li><span style=\"color: #000000;\">Ofiary z I niedzieli miesi\u0105ca wynios\u0142y: w ko\u015bciele parafialnym: <\/span><br \/>\n<span style=\"color: #000000;\">2 962 z\u0142, a w ko\u015bciele w Pruszowicach: 622 z\u0142. B\u00f3g zap\u0142a\u0107!<\/span><\/li>\n<li><span style=\"color: #000000;\">W <strong>kalendarzu<\/strong>:<\/span><\/li>\n<\/ol>\n<p><span style=\"color: #000000;\">&#8211; we wtorek: wspomnienie \u015bw. Bonawentury<\/span><\/p>\n<p><span style=\"color: #000000;\">&#8211; w \u015brod\u0119: wspomnienie NMP z G\u00f3ry Karmel oraz Nowenna do Matki Bo\u017cej Nieustaj\u0105cej Pomocy<\/span><\/p>\n<p><span style=\"color: #000000;\">&#8211; w przysz\u0142\u0105 niedziel\u0119: uroczysto\u015b\u0107 b\u0142. Czes\u0142awa, patrona Archidiecezji Wroc\u0142awskiej i Miasta Wroc\u0142awia.<\/span><\/p>\n<ol start=\"4\">\n<li><span style=\"color: #000000;\">Przypominamy, \u017ce w lipcu i sierpniu pi\u0105tkowa Koronka do MB <\/span><br \/>\n<span style=\"color: #000000;\">i popo\u0142udniowa adoracja jedynie w pierwsze pi\u0105tki miesi\u0105ca.<\/span><\/li>\n<li><span style=\"color: #000000;\">Wolontariusze akcji \u201eMogi\u0142\u0119 Pradziada ocal od zapomnienia\u201d dzi\u0119kuj\u0105 za \u015brodki pieni\u0119\u017cne w kwocie 1702 z\u0142 (w tym 235 z\u0142 w Pruszowicach <\/span><br \/>\n<span style=\"color: #000000;\">i 1467 z\u0142 na Paw\u0142owicach). Grupa Wolontariuszy, w tym nasz Parafianin, wyruszy\u0142a wczoraj do pracy na cmentarzach.<\/span><\/li>\n<li><span style=\"color: #000000;\">Klub Pielgrzymkowo-Turystyczny zaprasza w dniu 19 lipca na Pielgrzymk\u0119 samochodow\u0105 w ramach Roku Jubileuszowego 2025. <\/span><br \/>\n<span style=\"color: #000000;\">W programie: nawiedzenie Sanktuarium Matki Bo\u017cej \u015anie\u017cnej ko\u0142o Mi\u0119dzyg\u00f3rza, tam Msza \u015aw. i mo\u017cliwo\u015b\u0107 uzyskania odpustu, a nast\u0119pnie przejazd do Neratova w Czechach i tam nawiedzenie ko\u015bcio\u0142a Wniebowzi\u0119cia NMP oraz zwiedzanie wioski i w miar\u0119 wolnego czasu inne atrakcje. Zapisy w dniach 14 (pon) i 15 (wt) lipca po wieczornej Mszy \u015aw. w Auli.<\/span><\/li>\n<li><span style=\"color: #000000;\">Zapraszamy do lektury prasy katolickiej.<\/span><\/li>\n<\/ol>\n<p>&nbsp;<\/p>\n<p>&nbsp;<\/p>\n<p><span style=\"color: #000000;\">AMDG<\/span><\/p>\n","protected":false},"excerpt":{"rendered":"<p>OG\u0141OSZENIA PARAFIALNE 13 lipca 2025 r. &nbsp; Dzi\u015b przypada 15. niedziela zwyk\u0142a w roku liturgicznym. Ofiary z I niedzieli miesi\u0105ca wynios\u0142y: w ko\u015bciele parafialnym: 2 962 z\u0142, a w ko\u015bciele w Pruszowicach: 622 z\u0142. B\u00f3g zap\u0142a\u0107! W kalendarzu: &#8211; we wtorek: wspomnienie \u015bw. Bonawentury &#8211; w \u015brod\u0119: wspomnienie NMP z G\u00f3ry Karmel oraz Nowenna do&hellip; <br \/> <a class=\"read-more\" href=\"https:\/\/nspj.wroclaw.pl\/new\/15-niedziela-zwykla-13-07-2025-ogloszenia\/\">Dowiedz si\u0119 wi\u0119cej<\/a><\/p>\n","protected":false},"author":1,"featured_media":8949,"comment_status":"closed","ping_status":"closed","sticky":false,"template":"","format":"standard","meta":{"ngg_post_thumbnail":0,"footnotes":""},"categories":[17],"tags":[],"class_list":["post-9806","post","type-post","status-publish","format-standard","has-post-thumbnail","hentry","category-ogloszenia"],"aioseo_notices":[],"_links":{"self":[{"href":"https:\/\/nspj.wroclaw.pl\/new\/wp-json\/wp\/v2\/posts\/9806","targetHints":{"allow":["GET"]}}],"collection":[{"href":"https:\/\/nspj.wroclaw.pl\/new\/wp-json\/wp\/v2\/posts"}],"about":[{"href":"https:\/\/nspj.wroclaw.pl\/new\/wp-json\/wp\/v2\/types\/post"}],"author":[{"embeddable":true,"href":"https:\/\/nspj.wroclaw.pl\/new\/wp-json\/wp\/v2\/users\/1"}],"replies":[{"embeddable":true,"href":"https:\/\/nspj.wroclaw.pl\/new\/wp-json\/wp\/v2\/comments?post=9806"}],"version-history":[{"count":1,"href":"https:\/\/nspj.wroclaw.pl\/new\/wp-json\/wp\/v2\/posts\/9806\/revisions"}],"predecessor-version":[{"id":9807,"href":"https:\/\/nspj.wroclaw.pl\/new\/wp-json\/wp\/v2\/posts\/9806\/revisions\/9807"}],"wp:featuredmedia":[{"embeddable":true,"href":"https:\/\/nspj.wroclaw.pl\/new\/wp-json\/wp\/v2\/media\/8949"}],"wp:attachment":[{"href":"https:\/\/nspj.wroclaw.pl\/new\/wp-json\/wp\/v2\/media?parent=9806"}],"wp:term":[{"taxonomy":"category","embeddable":true,"href":"https:\/\/nspj.wroclaw.pl\/new\/wp-json\/wp\/v2\/categories?post=9806"},{"taxonomy":"post_tag","embeddable":true,"href":"https:\/\/nspj.wroclaw.pl\/new\/wp-json\/wp\/v2\/tags?post=9806"}],"curies":[{"name":"wp","href":"https:\/\/api.w.org\/{rel}","templated":true}]}}