{"id":9770,"date":"2025-07-05T15:06:08","date_gmt":"2025-07-05T13:06:08","guid":{"rendered":"https:\/\/nspj.wroclaw.pl\/new\/?p=9770"},"modified":"2025-07-05T15:06:37","modified_gmt":"2025-07-05T13:06:37","slug":"14-niedziela-zwykla-06-07-2025-ogloszenia","status":"publish","type":"post","link":"https:\/\/nspj.wroclaw.pl\/new\/14-niedziela-zwykla-06-07-2025-ogloszenia\/","title":{"rendered":"14 Niedziela Zwyk\u0142a \u2013 06.07.2025 Og\u0142oszenia"},"content":{"rendered":"<p style=\"text-align: center;\"><span style=\"color: #000000;\"><strong>OG\u0141OSZENIA PARAFIALNE<br \/>\n<\/strong><strong>6 lipca 2025 r.<\/strong><\/span><\/p>\n<p><span style=\"color: #000000;\"><strong>&nbsp;<\/strong><\/span><\/p>\n<ol>\n<li><span style=\"color: #000000;\">Dzi\u015b przypada 14. niedziela zwyk\u0142a w roku liturgicznym.<\/span><\/li>\n<li><span style=\"color: #000000;\">Prze\u017cywamy r\u00f3wnie\u017c pierwsz\u0105 niedziel\u0119 miesi\u0105ca: adoracja NS po ka\u017cdej Mszy, zmiana tajemnic \u017bR, a ofiary na tac\u0119 przeznaczone na prace wykonywane w Parafii.<\/span><\/li>\n<li><span style=\"color: #000000;\">Wolontariusze akcji <strong><em>\u201eMogi\u0142\u0119 Pradziada ocal od zapomnienia\u201d<\/em><\/strong> kwestuj\u0105 dzi\u015b po ka\u017cdej Mszy \u015bw., aby wesprze\u0107 rodziny polskich zes\u0142a\u0144c\u00f3w mieszkaj\u0105cych nadal na stepach Kazachstanu oraz renowacj\u0119 polskich cmentarzy w tej cz\u0119\u015bci Azji. B\u00f3g zap\u0142a\u0107 za wsparcie!<\/span><\/li>\n<li><span style=\"color: #000000;\">W <strong>kalendarzu<\/strong>:<\/span><\/li>\n<\/ol>\n<p><span style=\"color: #000000;\">&#8211; we wtorek: wspomnienie \u015bw. Jana z Dukli<\/span><\/p>\n<p><span style=\"color: #000000;\">&#8211; w \u015brod\u0119: Nowenna do Matki Bo\u017cej Nieustaj\u0105cej Pomocy<\/span><\/p>\n<p><span style=\"color: #000000;\">&#8211; w pi\u0105tek: \u015bwi\u0119to \u015bw. Benedykta, patrona Europy<\/span><\/p>\n<p><span style=\"color: #000000;\">&#8211; w sobot\u0119: wspomnienie \u015bw. Brunona Bonifacego z Kwerfurtu.<\/span><\/p>\n<ol start=\"5\">\n<li><span style=\"color: #000000;\">Przypominamy, \u017ce w lipcu i sierpniu pi\u0105tkowa Koronka do Bo\u017cego Mi\u0142osierdzia i popo\u0142udniowa adoracja jedynie w pierwsze pi\u0105tki miesi\u0105ca.<\/span><\/li>\n<li><span style=\"color: #000000;\">Przypominamy o zapisach na Pielgrzymk\u0119 Rodziny Radia Maryj\u0119 na Jasn\u0105 G\u00f3r\u0119.<\/span><\/li>\n<li><span style=\"color: #000000;\">Zach\u0119camy do lektury prasy katolickiej.<\/span><\/li>\n<\/ol>\n<p>&nbsp;<\/p>\n<p><span style=\"color: #000000;\">AMDG<\/span><\/p>\n","protected":false},"excerpt":{"rendered":"<p>OG\u0141OSZENIA PARAFIALNE 6 lipca 2025 r. &nbsp; Dzi\u015b przypada 14. niedziela zwyk\u0142a w roku liturgicznym. Prze\u017cywamy r\u00f3wnie\u017c pierwsz\u0105 niedziel\u0119 miesi\u0105ca: adoracja NS po ka\u017cdej Mszy, zmiana tajemnic \u017bR, a ofiary na tac\u0119 przeznaczone na prace wykonywane w Parafii. Wolontariusze akcji \u201eMogi\u0142\u0119 Pradziada ocal od zapomnienia\u201d kwestuj\u0105 dzi\u015b po ka\u017cdej Mszy \u015bw., aby wesprze\u0107 rodziny polskich&hellip; <br \/> <a class=\"read-more\" href=\"https:\/\/nspj.wroclaw.pl\/new\/14-niedziela-zwykla-06-07-2025-ogloszenia\/\">Dowiedz si\u0119 wi\u0119cej<\/a><\/p>\n","protected":false},"author":1,"featured_media":8949,"comment_status":"closed","ping_status":"closed","sticky":false,"template":"","format":"standard","meta":{"ngg_post_thumbnail":0,"footnotes":""},"categories":[17],"tags":[],"class_list":["post-9770","post","type-post","status-publish","format-standard","has-post-thumbnail","hentry","category-ogloszenia"],"aioseo_notices":[],"_links":{"self":[{"href":"https:\/\/nspj.wroclaw.pl\/new\/wp-json\/wp\/v2\/posts\/9770","targetHints":{"allow":["GET"]}}],"collection":[{"href":"https:\/\/nspj.wroclaw.pl\/new\/wp-json\/wp\/v2\/posts"}],"about":[{"href":"https:\/\/nspj.wroclaw.pl\/new\/wp-json\/wp\/v2\/types\/post"}],"author":[{"embeddable":true,"href":"https:\/\/nspj.wroclaw.pl\/new\/wp-json\/wp\/v2\/users\/1"}],"replies":[{"embeddable":true,"href":"https:\/\/nspj.wroclaw.pl\/new\/wp-json\/wp\/v2\/comments?post=9770"}],"version-history":[{"count":1,"href":"https:\/\/nspj.wroclaw.pl\/new\/wp-json\/wp\/v2\/posts\/9770\/revisions"}],"predecessor-version":[{"id":9771,"href":"https:\/\/nspj.wroclaw.pl\/new\/wp-json\/wp\/v2\/posts\/9770\/revisions\/9771"}],"wp:featuredmedia":[{"embeddable":true,"href":"https:\/\/nspj.wroclaw.pl\/new\/wp-json\/wp\/v2\/media\/8949"}],"wp:attachment":[{"href":"https:\/\/nspj.wroclaw.pl\/new\/wp-json\/wp\/v2\/media?parent=9770"}],"wp:term":[{"taxonomy":"category","embeddable":true,"href":"https:\/\/nspj.wroclaw.pl\/new\/wp-json\/wp\/v2\/categories?post=9770"},{"taxonomy":"post_tag","embeddable":true,"href":"https:\/\/nspj.wroclaw.pl\/new\/wp-json\/wp\/v2\/tags?post=9770"}],"curies":[{"name":"wp","href":"https:\/\/api.w.org\/{rel}","templated":true}]}}