{"id":9720,"date":"2025-07-20T22:25:52","date_gmt":"2025-07-20T20:25:52","guid":{"rendered":"https:\/\/nspj.wroclaw.pl\/new\/?p=9720"},"modified":"2025-07-26T21:18:55","modified_gmt":"2025-07-26T19:18:55","slug":"45-piesza-pielgrzymka-wroclawska-na-jasna-gore-3-10-08-2025","status":"publish","type":"post","link":"https:\/\/nspj.wroclaw.pl\/new\/45-piesza-pielgrzymka-wroclawska-na-jasna-gore-3-10-08-2025\/","title":{"rendered":"45. Piesza Pielgrzymka Wroc\u0142awska na Jasn\u0105 G\u00f3r\u0119 3-10.08.2025"},"content":{"rendered":"<div class=\"et_pb_column et_pb_column_4_4 et_pb_column_2 et_pb_css_mix_blend_mode_passthrough et-last-child\">\n<div class=\"et_pb_module et_pb_text et_pb_text_3 et_pb_text_align_left et_pb_bg_layout_light\">\n<div class=\"et_pb_text_inner\">\n<p><span style=\"color: #000000;\">45 Piesza Pielgrzymka Wroc\u0142awska na Jasn\u0105 G\u00f3r\u0119 potrwa od niedzieli 3 sierpnia do niedzieli 10 sierpnia 2025 roku. Rozpocznie si\u0119 uroczyst\u0105 Msz\u0105 \u015awi\u0119t\u0105 w Archikatedrze Wroc\u0142awskiej w niedziel\u0119 3 sierpnia o godzinie 6:00. Zako\u0144czy si\u0119 w sobot\u0119 10 sierpnia wej\u015bciem przed obraz Naj\u015bwi\u0119tszej Maryi Panny Cz\u0119stochowskiej o godzinie 14:30 i Msz\u0105 \u015awi\u0119t\u0105 na wa\u0142ach Jasnej G\u00f3ry o godzinie 16:00.<\/span><\/p>\n<p><span style=\"color: #000000;\">Szczeg\u00f3\u0142owe informacje na temat trasy pielgrzymki znajdziecie tutaj: <a style=\"color: #000000;\" href=\"https:\/\/pielgrzymka.pl\/trasa-45-ppw\/\">[Trasa 45. PPW]<\/a><\/span><\/p>\n<p><span style=\"color: #000000;\">W drog\u0119 na Jasn\u0105 G\u00f3r\u0119 wyruszy kilkana\u015bcie grup pielgrzymkowych. Niekt\u00f3re grupy rozpoczn\u0105 pielgrzymowanie we Wroc\u0142awiu, inne wyrusz\u0105 z G\u00f3ry, Trzebnicy, Ole\u015bnicy i Namys\u0142owa. Ka\u017cdy uczestnik, zapisuj\u0105c si\u0119, powinien wskaza\u0107 jedn\u0105 z nich i w niej pielgrzymowa\u0107.<\/span><\/p>\n<p>&nbsp;<\/p>\n<\/div>\n<\/div>\n<p><span style=\"color: #000000;\">wi\u0119cej informacji na poni\u017cszej stronie:<\/span><br \/>\n<a href=\"https:\/\/pielgrzymka.pl\/zapisy\/#informacje\" target=\"_blank\" rel=\"noopener\">https:\/\/pielgrzymka.pl\/zapisy\/#informacje<\/a><\/p>\n<\/div>\n","protected":false},"excerpt":{"rendered":"<p>45 Piesza Pielgrzymka Wroc\u0142awska na Jasn\u0105 G\u00f3r\u0119 potrwa od niedzieli 3 sierpnia do niedzieli 10 sierpnia 2025 roku. Rozpocznie si\u0119 uroczyst\u0105 Msz\u0105 \u015awi\u0119t\u0105 w Archikatedrze Wroc\u0142awskiej w niedziel\u0119 3 sierpnia o godzinie 6:00. Zako\u0144czy si\u0119 w sobot\u0119 10 sierpnia wej\u015bciem przed obraz Naj\u015bwi\u0119tszej Maryi Panny Cz\u0119stochowskiej o godzinie 14:30 i Msz\u0105 \u015awi\u0119t\u0105 na wa\u0142ach Jasnej&hellip; <br \/> <a class=\"read-more\" href=\"https:\/\/nspj.wroclaw.pl\/new\/45-piesza-pielgrzymka-wroclawska-na-jasna-gore-3-10-08-2025\/\">Dowiedz si\u0119 wi\u0119cej<\/a><\/p>\n","protected":false},"author":1,"featured_media":9721,"comment_status":"closed","ping_status":"closed","sticky":false,"template":"","format":"standard","meta":{"ngg_post_thumbnail":0,"footnotes":""},"categories":[1],"tags":[],"class_list":["post-9720","post","type-post","status-publish","format-standard","has-post-thumbnail","hentry","category-aktualnosci"],"aioseo_notices":[],"_links":{"self":[{"href":"https:\/\/nspj.wroclaw.pl\/new\/wp-json\/wp\/v2\/posts\/9720","targetHints":{"allow":["GET"]}}],"collection":[{"href":"https:\/\/nspj.wroclaw.pl\/new\/wp-json\/wp\/v2\/posts"}],"about":[{"href":"https:\/\/nspj.wroclaw.pl\/new\/wp-json\/wp\/v2\/types\/post"}],"author":[{"embeddable":true,"href":"https:\/\/nspj.wroclaw.pl\/new\/wp-json\/wp\/v2\/users\/1"}],"replies":[{"embeddable":true,"href":"https:\/\/nspj.wroclaw.pl\/new\/wp-json\/wp\/v2\/comments?post=9720"}],"version-history":[{"count":4,"href":"https:\/\/nspj.wroclaw.pl\/new\/wp-json\/wp\/v2\/posts\/9720\/revisions"}],"predecessor-version":[{"id":9725,"href":"https:\/\/nspj.wroclaw.pl\/new\/wp-json\/wp\/v2\/posts\/9720\/revisions\/9725"}],"wp:featuredmedia":[{"embeddable":true,"href":"https:\/\/nspj.wroclaw.pl\/new\/wp-json\/wp\/v2\/media\/9721"}],"wp:attachment":[{"href":"https:\/\/nspj.wroclaw.pl\/new\/wp-json\/wp\/v2\/media?parent=9720"}],"wp:term":[{"taxonomy":"category","embeddable":true,"href":"https:\/\/nspj.wroclaw.pl\/new\/wp-json\/wp\/v2\/categories?post=9720"},{"taxonomy":"post_tag","embeddable":true,"href":"https:\/\/nspj.wroclaw.pl\/new\/wp-json\/wp\/v2\/tags?post=9720"}],"curies":[{"name":"wp","href":"https:\/\/api.w.org\/{rel}","templated":true}]}}