{"id":9163,"date":"2025-04-04T19:01:22","date_gmt":"2025-04-04T17:01:22","guid":{"rendered":"https:\/\/nspj.wroclaw.pl\/new\/?p=9163"},"modified":"2025-04-04T19:01:22","modified_gmt":"2025-04-04T17:01:22","slug":"warsztaty-plastyczne-palmy-wielkanocne-2","status":"publish","type":"post","link":"https:\/\/nspj.wroclaw.pl\/new\/warsztaty-plastyczne-palmy-wielkanocne-2\/","title":{"rendered":"Warsztaty Plastyczne &#8211; Palmy Wielkanocne"},"content":{"rendered":"<p><span style=\"color: #000000;\">12 kwietnia (w sobot\u0119) \u2013 o godzinie 10.00 zapraszamy na warsztaty,&nbsp;w ramach kt\u00f3rych zostan\u0105 przygotowane PALMY na Kiermasz Wielkanocny, kt\u00f3ry tradycyjnie odb\u0119dzie si\u0119 w Niedziel\u0119 Palmow\u0105. Doch\u00f3d z kiermaszu b\u0119dzie przeznaczony na dzia\u0142alno\u015b\u0107 grupy dzieci\u0119co-m\u0142odzie\u017cowej np. zakup materia\u0142\u00f3w do zaj\u0119\u0107, dzia\u0142alno\u015b\u0107 teatraln\u0105, organizacj\u0119 zaplanowanych wydarze\u0144<\/span><\/p>\n<p>.<\/p>\n","protected":false},"excerpt":{"rendered":"<p>12 kwietnia (w sobot\u0119) \u2013 o godzinie 10.00 zapraszamy na warsztaty,&nbsp;w ramach kt\u00f3rych zostan\u0105 przygotowane PALMY na Kiermasz Wielkanocny, kt\u00f3ry tradycyjnie odb\u0119dzie si\u0119 w Niedziel\u0119 Palmow\u0105. Doch\u00f3d z kiermaszu b\u0119dzie przeznaczony na dzia\u0142alno\u015b\u0107 grupy dzieci\u0119co-m\u0142odzie\u017cowej np. zakup materia\u0142\u00f3w do zaj\u0119\u0107, dzia\u0142alno\u015b\u0107 teatraln\u0105, organizacj\u0119 zaplanowanych wydarze\u0144 .<\/p>\n","protected":false},"author":1,"featured_media":9164,"comment_status":"closed","ping_status":"closed","sticky":false,"template":"","format":"standard","meta":{"ngg_post_thumbnail":0,"footnotes":""},"categories":[1],"tags":[],"class_list":["post-9163","post","type-post","status-publish","format-standard","has-post-thumbnail","hentry","category-aktualnosci"],"aioseo_notices":[],"_links":{"self":[{"href":"https:\/\/nspj.wroclaw.pl\/new\/wp-json\/wp\/v2\/posts\/9163","targetHints":{"allow":["GET"]}}],"collection":[{"href":"https:\/\/nspj.wroclaw.pl\/new\/wp-json\/wp\/v2\/posts"}],"about":[{"href":"https:\/\/nspj.wroclaw.pl\/new\/wp-json\/wp\/v2\/types\/post"}],"author":[{"embeddable":true,"href":"https:\/\/nspj.wroclaw.pl\/new\/wp-json\/wp\/v2\/users\/1"}],"replies":[{"embeddable":true,"href":"https:\/\/nspj.wroclaw.pl\/new\/wp-json\/wp\/v2\/comments?post=9163"}],"version-history":[{"count":2,"href":"https:\/\/nspj.wroclaw.pl\/new\/wp-json\/wp\/v2\/posts\/9163\/revisions"}],"predecessor-version":[{"id":9166,"href":"https:\/\/nspj.wroclaw.pl\/new\/wp-json\/wp\/v2\/posts\/9163\/revisions\/9166"}],"wp:featuredmedia":[{"embeddable":true,"href":"https:\/\/nspj.wroclaw.pl\/new\/wp-json\/wp\/v2\/media\/9164"}],"wp:attachment":[{"href":"https:\/\/nspj.wroclaw.pl\/new\/wp-json\/wp\/v2\/media?parent=9163"}],"wp:term":[{"taxonomy":"category","embeddable":true,"href":"https:\/\/nspj.wroclaw.pl\/new\/wp-json\/wp\/v2\/categories?post=9163"},{"taxonomy":"post_tag","embeddable":true,"href":"https:\/\/nspj.wroclaw.pl\/new\/wp-json\/wp\/v2\/tags?post=9163"}],"curies":[{"name":"wp","href":"https:\/\/api.w.org\/{rel}","templated":true}]}}