{"id":9152,"date":"2025-03-25T23:06:49","date_gmt":"2025-03-25T22:06:49","guid":{"rendered":"https:\/\/nspj.wroclaw.pl\/new\/?p=9152"},"modified":"2025-03-26T23:08:07","modified_gmt":"2025-03-26T22:08:07","slug":"film-o-janie-pawle-ii-21-37","status":"publish","type":"post","link":"https:\/\/nspj.wroclaw.pl\/new\/film-o-janie-pawle-ii-21-37\/","title":{"rendered":"Film o Janie Pawle II   &#8222;21.37&#8221;"},"content":{"rendered":"<p><a class=\"su-button su-button-style-noise su-button-wide\" href=\"https:\/\/rafaelfilm.pl\/21-37\/#o-filmie\" target=\"_self\" rel=\"noopener\"> INFORMACJE O FILMIE<\/a><\/p>\n<p><span style=\"color: #000000;\">\u201eCzujemy, \u017ce dzieje si\u0119 co\u015b, co nas przerasta \u2013 pisali dziennikarze. \u2013 W Polsce dziej\u0105 si\u0119 rzeczy szczeg\u00f3lne. Jeszcze dobrze nie wiemy co, ale w naszym \u017cyciu pojawia si\u0119 nowa jako\u015b\u0107\u201d.<\/span><\/p>\n<p><span style=\"color: #000000;\">21.37 to opowie\u015b\u0107 o nieprawdopodobnych wydarzeniach, kt\u00f3re mia\u0142y miejsce w Polsce po \u015bmierci Jana Paw\u0142a II. To, czego do\u015bwiadczyli\u015bmy po 2 kwietnia 2005 r., by\u0142o wielkie, niepowtarzalne i mistyczne. Nigdy wcze\u015bniej nie mia\u0142o miejsca i zapewne ju\u017c nigdy si\u0119 nie wydarzy. Zatrzyma\u0142 si\u0119 czas, usta\u0142y k\u0142\u00f3tnie, Polacy zacz\u0119li m\u00f3wi\u0107 lepszym j\u0119zykiem, nagle dostrzegli wok\u00f3\u0142 siebie innych dobrych ludzi i dobre emocje. \u201eUjrzeli\u015bmy nar\u00f3d w stanie \u015bwi\u0119to\u015bci\u201d \u2013 komentowano.<\/span><\/p>\n<p><a href=\"https:\/\/rafaelfilm.pl\/21-37\/\" target=\"_blank\" rel=\"noopener\">Wi\u0119cej informacji o filmie oraz list kin<\/a><\/p>\n","protected":false},"excerpt":{"rendered":"<p>INFORMACJE O FILMIE \u201eCzujemy, \u017ce dzieje si\u0119 co\u015b, co nas przerasta \u2013 pisali dziennikarze. \u2013 W Polsce dziej\u0105 si\u0119 rzeczy szczeg\u00f3lne. Jeszcze dobrze nie wiemy co, ale w naszym \u017cyciu pojawia si\u0119 nowa jako\u015b\u0107\u201d. 21.37 to opowie\u015b\u0107 o nieprawdopodobnych wydarzeniach, kt\u00f3re mia\u0142y miejsce w Polsce po \u015bmierci Jana Paw\u0142a II. To, czego do\u015bwiadczyli\u015bmy po 2&hellip; <br \/> <a class=\"read-more\" href=\"https:\/\/nspj.wroclaw.pl\/new\/film-o-janie-pawle-ii-21-37\/\">Dowiedz si\u0119 wi\u0119cej<\/a><\/p>\n","protected":false},"author":1,"featured_media":9153,"comment_status":"closed","ping_status":"closed","sticky":false,"template":"","format":"standard","meta":{"ngg_post_thumbnail":0,"footnotes":""},"categories":[1],"tags":[],"class_list":["post-9152","post","type-post","status-publish","format-standard","has-post-thumbnail","hentry","category-aktualnosci"],"aioseo_notices":[],"_links":{"self":[{"href":"https:\/\/nspj.wroclaw.pl\/new\/wp-json\/wp\/v2\/posts\/9152","targetHints":{"allow":["GET"]}}],"collection":[{"href":"https:\/\/nspj.wroclaw.pl\/new\/wp-json\/wp\/v2\/posts"}],"about":[{"href":"https:\/\/nspj.wroclaw.pl\/new\/wp-json\/wp\/v2\/types\/post"}],"author":[{"embeddable":true,"href":"https:\/\/nspj.wroclaw.pl\/new\/wp-json\/wp\/v2\/users\/1"}],"replies":[{"embeddable":true,"href":"https:\/\/nspj.wroclaw.pl\/new\/wp-json\/wp\/v2\/comments?post=9152"}],"version-history":[{"count":3,"href":"https:\/\/nspj.wroclaw.pl\/new\/wp-json\/wp\/v2\/posts\/9152\/revisions"}],"predecessor-version":[{"id":9156,"href":"https:\/\/nspj.wroclaw.pl\/new\/wp-json\/wp\/v2\/posts\/9152\/revisions\/9156"}],"wp:featuredmedia":[{"embeddable":true,"href":"https:\/\/nspj.wroclaw.pl\/new\/wp-json\/wp\/v2\/media\/9153"}],"wp:attachment":[{"href":"https:\/\/nspj.wroclaw.pl\/new\/wp-json\/wp\/v2\/media?parent=9152"}],"wp:term":[{"taxonomy":"category","embeddable":true,"href":"https:\/\/nspj.wroclaw.pl\/new\/wp-json\/wp\/v2\/categories?post=9152"},{"taxonomy":"post_tag","embeddable":true,"href":"https:\/\/nspj.wroclaw.pl\/new\/wp-json\/wp\/v2\/tags?post=9152"}],"curies":[{"name":"wp","href":"https:\/\/api.w.org\/{rel}","templated":true}]}}