{"id":9144,"date":"2025-03-26T22:48:38","date_gmt":"2025-03-26T21:48:38","guid":{"rendered":"https:\/\/nspj.wroclaw.pl\/new\/?p=9144"},"modified":"2025-03-26T22:59:37","modified_gmt":"2025-03-26T21:59:37","slug":"plan-rekolekcji-wielkopostnych-29-03-02-04-2025","status":"publish","type":"post","link":"https:\/\/nspj.wroclaw.pl\/new\/plan-rekolekcji-wielkopostnych-29-03-02-04-2025\/","title":{"rendered":"PLAN REKOLEKCJI WIELKOPOSTNYCH 29.03.-02.04.2025"},"content":{"rendered":"<p style=\"text-align: center;\"><strong><span style=\"color: #000000;\"><u>PLAN REKOLEKCJI WIELKOPOSTNYCH \u2013 29.03.-02.04.2025 r.<\/u><\/span><\/strong><\/p>\n<p style=\"text-align: center;\"><span style=\"color: #000000;\"><u>w Parafii Naj\u015bwi\u0119tszego Serca Pana Jezusa we Wroc\u0142awiu-Paw\u0142owice<\/u><\/span><\/p>\n<p style=\"text-align: center;\"><span style=\"color: #000000;\"><u>Prowadzi: ks. dr Marian KOWALSKI <\/u><\/span><\/p>\n<p><span style=\"color: #000000;\">&nbsp; <\/span><\/p>\n<p><span style=\"color: #800080;\"><strong><u>IV NIEDZIELA W. P. \u2013 30.03.- Rozpocz\u0119cie Rek. Wielkp. na Mszy \u015bw. sob. o g. 18.00<\/u><\/strong><\/span><\/p>\n<p>&nbsp;<\/p>\n<p><span style=\"color: #000000;\">7.30 \u2013 Kazanie <u>w klasztorze<\/u> SS. Benedyktynek-Sakramentek (na pocz\u0105tku Mszy \u015bw.)<\/span><\/p>\n<p><span style=\"color: #000000;\">8.00 \u2013 Msza \u015bw. z nauk\u0105 <u>dla doros\u0142ych<\/u><\/span><\/p>\n<p><span style=\"color: #000000;\">9.30 \u2013 Msza \u015bw. z nauk\u0105 <u>dla dzieci szkolnych<\/u><\/span><\/p>\n<p><span style=\"color: #000000;\">11.00 \u2013 Msza \u015bw. na filii w Pruszowicach z nauk\u0105 <u>dla doros\u0142ych<\/u><\/span><\/p>\n<p><span style=\"color: #000000;\">12.30 \u2013 Msza \u015bw. z nauk\u0105 <u>dla doros\u0142ych<\/u>&nbsp;&nbsp; <\/span><\/p>\n<p><span style=\"color: #000000;\">17.00 \u2013 Gorzkie \u017bale z kazaniem pasyjnym&nbsp; <\/span><\/p>\n<p><span style=\"color: #000000;\">18.00 \u2013 Msza \u015bw. z nauk\u0105 <u>dla m\u0142odzie\u017cy<\/u><\/span><\/p>\n<p><span style=\"color: #000000;\">&nbsp;<\/span><\/p>\n<p><span style=\"color: #800080;\"><strong><u>II \u2013 Dzie\u0144 Rekolekcji Wielkopostnych: Poniedzia\u0142ek \u2013 31.03.<\/u><\/strong><\/span><\/p>\n<p>&nbsp;<\/p>\n<p><span style=\"color: #000000;\">&nbsp;<\/span><span style=\"color: #000000;\">9.00 \u2013 Msza \u015bw. z nauk\u0105 og\u00f3ln\u0105 <u>dla wszystkich<\/u><\/span><\/p>\n<p><span style=\"color: #000000;\">16.30 \u2013 Nabo\u017ce\u0144stwo S\u0142owa i nauka <u>dla dzieci&nbsp; &#8211; grupa m\u0142odsza (kl. od 1-3)<\/u><\/span><\/p>\n<p><span style=\"color: #000000;\">18.00 \u2013 Msza \u015bw. z nauk\u0105 og\u00f3ln\u0105 <u>dla wszystkich<\/u><\/span><\/p>\n<p><span style=\"color: #000000;\">19.00 \u2013 Msza \u015bw. z nauk\u0105 og\u00f3ln\u0105 w Pruszowicach<\/span><\/p>\n<p><span style=\"color: #000000;\">20.00 \u2013 Nabo\u017ce\u0144stwo S\u0142owa i nauka <u>dla m\u0142odzie\u017cy<\/u> (Kandydaci do Bierzmowania)<\/span><\/p>\n<p><span style=\"color: #000000;\">&nbsp;<\/span><\/p>\n<p><span style=\"color: #800080;\"><strong><u>III \u2013 Dzie\u0144 Rekolekcji Wielkopostnych: Wtorek \u2013 01.04.<\/u><\/strong><\/span><\/p>\n<p>&nbsp;<\/p>\n<p><span style=\"color: #000000;\">9.00 \u2013 Msza \u015bw. z nauk\u0105 og\u00f3ln\u0105 <u>dla wszystkich<\/u><\/span><\/p>\n<p><span style=\"color: #000000;\">16.30 &#8211; Nabo\u017ce\u0144stwo S\u0142owa i nauka <u>dla dzieci&nbsp; &#8211; grupa starsza (kl. 4-6)<\/u><\/span><\/p>\n<p><span style=\"color: #000000;\">18.00 \u2013 Msza \u015bw. z nauk\u0105 og\u00f3ln\u0105 <u>dla wszystkich<\/u> <\/span><\/p>\n<p><span style=\"color: #000000;\"><u>18.30 \u2013 <strong>Spowied\u017a \u015bw.<\/strong> w Pruszowicach<\/u><\/span><\/p>\n<p><span style=\"color: #000000;\">19.00 \u2013 Msza \u015bw. i zako\u0144czenie Rekolekcji w Pruszowicach<\/span><\/p>\n<p><span style=\"color: #000000;\">20.00 \u2013 Nabo\u017ce\u0144stwo S\u0142owa i nauka <u>dla m\u0142odzie\u017cy<\/u> (Kandydaci do Bierzmowania)<\/span><\/p>\n<p><span style=\"color: #800080;\">&nbsp;<\/span><\/p>\n<p><strong><span style=\"color: #000000;\"><span style=\"color: #800080;\"><u>IV \u2013 Dzie\u0144 \u015aroda \u2013 02.04. \u2013 DZIE\u0143 SAKRAMENTU POKUTY w Paw\u0142owicach<\/u>&nbsp;<\/span><br \/>\n<\/span><\/strong><\/p>\n<p><span style=\"color: #000000;\">&nbsp;<u>7.30 \u2013 9.15 &#8211; <strong>Spowied\u017a \u015bw<\/strong>.: dla Doros\u0142ych<\/u><\/span><\/p>\n<p><span style=\"color: #000000;\">&nbsp;9.00 \u2013 Msza \u015bw. z nauk\u0105 og\u00f3ln\u0105 <u>dla doros\u0142ych <\/u><\/span><\/p>\n<p><span style=\"color: #000000;\">&nbsp;<\/span><span style=\"color: #000000;\"><u>16.00 \u2013 <strong>Spowied\u017a \u015bw<\/strong>. dla Dzieci<\/u><\/span><\/p>\n<p><span style=\"color: #000000;\">16.30 \u2013 Msza \u015bw. z nauk\u0105 <u>dla wszystkich Dzieci<\/u><\/span><\/p>\n<p><span style=\"color: #000000;\"><u>17.00 \u2013 19.30 \u2013 <strong>Spowied\u017a \u015bw<\/strong>. dla Doros\u0142ych i M\u0142odzie\u017cy<\/u><\/span><\/p>\n<p><span style=\"color: #000000;\">18.00 \u2013 Msza \u015bw. z nauk\u0105 og\u00f3ln\u0105 <u>dla Doros\u0142ych<\/u><\/span><\/p>\n<p><span style=\"color: #000000;\">19.30 \u2013 Msza \u015bw. z nauk\u0105 <u>dla m\u0142odzie\u017cy:<\/u><\/span><\/p>\n<p><span style=\"color: #000000;\">&nbsp;<\/span><\/p>\n<p><span style=\"color: #000000;\"><em>Do uczestnictwa w tych Rekolekcjach serdecznie zapraszaj\u0105 Duszpasterze miejscowi i Ks. Rekolekcjonista<\/em><\/span><\/p>\n<p>&nbsp;<\/p>\n","protected":false},"excerpt":{"rendered":"<p>PLAN REKOLEKCJI WIELKOPOSTNYCH \u2013 29.03.-02.04.2025 r. w Parafii Naj\u015bwi\u0119tszego Serca Pana Jezusa we Wroc\u0142awiu-Paw\u0142owice Prowadzi: ks. dr Marian KOWALSKI &nbsp; IV NIEDZIELA W. P. \u2013 30.03.- Rozpocz\u0119cie Rek. Wielkp. na Mszy \u015bw. sob. o g. 18.00 &nbsp; 7.30 \u2013 Kazanie w klasztorze SS. Benedyktynek-Sakramentek (na pocz\u0105tku Mszy \u015bw.) 8.00 \u2013 Msza \u015bw. z nauk\u0105 dla&hellip; <br \/> <a class=\"read-more\" href=\"https:\/\/nspj.wroclaw.pl\/new\/plan-rekolekcji-wielkopostnych-29-03-02-04-2025\/\">Dowiedz si\u0119 wi\u0119cej<\/a><\/p>\n","protected":false},"author":1,"featured_media":9145,"comment_status":"closed","ping_status":"closed","sticky":false,"template":"","format":"standard","meta":{"ngg_post_thumbnail":0,"footnotes":""},"categories":[1],"tags":[],"class_list":["post-9144","post","type-post","status-publish","format-standard","has-post-thumbnail","hentry","category-aktualnosci"],"aioseo_notices":[],"_links":{"self":[{"href":"https:\/\/nspj.wroclaw.pl\/new\/wp-json\/wp\/v2\/posts\/9144","targetHints":{"allow":["GET"]}}],"collection":[{"href":"https:\/\/nspj.wroclaw.pl\/new\/wp-json\/wp\/v2\/posts"}],"about":[{"href":"https:\/\/nspj.wroclaw.pl\/new\/wp-json\/wp\/v2\/types\/post"}],"author":[{"embeddable":true,"href":"https:\/\/nspj.wroclaw.pl\/new\/wp-json\/wp\/v2\/users\/1"}],"replies":[{"embeddable":true,"href":"https:\/\/nspj.wroclaw.pl\/new\/wp-json\/wp\/v2\/comments?post=9144"}],"version-history":[{"count":3,"href":"https:\/\/nspj.wroclaw.pl\/new\/wp-json\/wp\/v2\/posts\/9144\/revisions"}],"predecessor-version":[{"id":9151,"href":"https:\/\/nspj.wroclaw.pl\/new\/wp-json\/wp\/v2\/posts\/9144\/revisions\/9151"}],"wp:featuredmedia":[{"embeddable":true,"href":"https:\/\/nspj.wroclaw.pl\/new\/wp-json\/wp\/v2\/media\/9145"}],"wp:attachment":[{"href":"https:\/\/nspj.wroclaw.pl\/new\/wp-json\/wp\/v2\/media?parent=9144"}],"wp:term":[{"taxonomy":"category","embeddable":true,"href":"https:\/\/nspj.wroclaw.pl\/new\/wp-json\/wp\/v2\/categories?post=9144"},{"taxonomy":"post_tag","embeddable":true,"href":"https:\/\/nspj.wroclaw.pl\/new\/wp-json\/wp\/v2\/tags?post=9144"}],"curies":[{"name":"wp","href":"https:\/\/api.w.org\/{rel}","templated":true}]}}