{"id":9140,"date":"2025-03-29T18:34:28","date_gmt":"2025-03-29T17:34:28","guid":{"rendered":"https:\/\/nspj.wroclaw.pl\/new\/?p=9140"},"modified":"2025-03-26T22:36:58","modified_gmt":"2025-03-26T21:36:58","slug":"4-niedziela-wielkiego-postu-30-03-2025-r","status":"publish","type":"post","link":"https:\/\/nspj.wroclaw.pl\/new\/4-niedziela-wielkiego-postu-30-03-2025-r\/","title":{"rendered":"4 Niedziela Wielkiego Postu \u2013 30.03.2025 r."},"content":{"rendered":"<p style=\"text-align: center;\"><span style=\"color: #000000;\"><strong>&nbsp;<\/strong><strong>4 Niedziela Wielkiego Postu \u2013 30.03.2025 r.<\/strong><\/span><\/p>\n<p style=\"text-align: center;\"><span style=\"color: #000000;\"><strong><u>Og<\/u><\/strong><strong><u>\u0142oszenia Parafialne<\/u><\/strong><\/span><\/p>\n<p>&nbsp;<\/p>\n<ol>\n<li><span style=\"color: #000000;\">Prze\u017cywamy<strong> Niedziel\u0119 Wielkiego Postu<\/strong>, czyli LAETARE. Od dzisiaj do \u015brody uczestniczymy w <strong>Rekolekcjach, <\/strong>kt\u00f3re g\u0142osi Ks. dr Marian Kowalski, wice-oficja\u0142 S\u0105du Duchownego.<\/span><\/li>\n<li><span style=\"color: #000000;\"><strong>Szczeg\u00f3\u0142owy program Rekolekcji<\/strong> tych dni jest wywieszony w gablocie, opublikowany na stronie internetowej Parafii oraz wy\u0142o\u017cony na stoliku pod ch\u00f3rem. Rodzic\u00f3w bardzo prosimy o dopilnowanie dzieci i m\u0142odzie\u017cy. Apelujemy r\u00f3wnie\u017c o skorzystanie ze Spowiedzi ju\u017c podczas Rekolekcji, by nie zostawia\u0107 jej na sam koniec Wielkiego Postu. Tac\u0119 zebran\u0105 w ostatnim dniu Rekolekcji (<strong>w \u015brod\u0119, <\/strong>a w Pruszowicach<strong> we wtorek)<\/strong> ofiarujemy jako nasze dzi\u0119kczynienie dla Ksi\u0119dza Rekolekcjonisty.<\/span><\/li>\n<li><span style=\"color: #000000;\"><strong>Dzi\u0119kujemy<\/strong> te\u017c za ofiary sk\u0142adane na kwiaty do Bo\u017cego Grobu\u2026<\/span><span style=\"color: #000000;\"><strong><br \/>\n<\/strong><\/span><\/li>\n<\/ol>\n<ol start=\"4\">\n<li><span style=\"color: #000000;\"><strong>W kalendarzu liturgicznym<\/strong>:<\/span><\/li>\n<\/ol>\n<p><span style=\"color: #000000;\">&#8211; w<strong> \u015brod\u0119 2.04. \u2013 <\/strong>przypada<strong> 20 r. \u015bmierci \u015aw. JP II; <\/strong>w <strong>Pruszowicach<\/strong> Msza \u015bw. w int. Ojczyzny o g. 19.00, a <strong>w Auli Domu parafialnego<\/strong> \u2013 r\u00f3wnie\u017c o 19.00 \u2013 kolejne spotkanie biblijne: prowadzi Ks. dr Ryszard Kempiak, serdecznie zapraszamy do uczestnictwa;<\/span><\/p>\n<p><span style=\"color: #000000;\">&#8211; <strong>w I Czwartek \u2013 <\/strong>po Mszy \u015bw. wieczornej Adoracja NS; modlimy si\u0119 o nowe Powo\u0142ania kap\u0142a\u0144skie i zakonne: m\u0119skie i \u017ce\u0144skie; a po adoracji w Domu Parafialnym &#8211; warsztaty biblijne: <strong>BETANIA; <\/strong><\/span><\/p>\n<p><span style=\"color: #000000;\">&#8211; <strong>w I Pi\u0105tek \u2013 <\/strong>w tym dniu<strong> wyj\u0105tkowo nie b\u0119dzie odwiedzin Chorych, <\/strong>kt\u00f3re <strong>nast\u0105pi\u0105 w \u015arod\u0119 Wielkiego Tygodnia \u2013 16.04. od g. 8.30; <\/strong>o g. 9.00 \u2013 DK dla doros\u0142ych, o g. 15.00 \u2013 Koronka do BM i adoracja NS, od 17.00 Spowied\u017a, o g. 17.15. DK dla dzieci, o g. 18.00 Msza \u015bw., a po niej DK dla m\u0142odzie\u017cy i doros\u0142ych;<\/span><\/p>\n<p><span style=\"color: #000000;\">&#8211; <strong>w I Sobot\u0119 <\/strong>\u2013 od g. 8.15 Spowied\u017a oraz R\u00f3\u017caniec wynagradzaj\u0105cy Niepokalanemu Sercu Maryi i Msza \u015bw. o g. 9.00, a o g. 18.00 \u2013 Msza \u015bw. z niedzieli.<\/span><\/p>\n<ol start=\"5\">\n<li><span style=\"color: #000000;\"><strong>W pi\u0105tek<\/strong> Spotkanie kursu ALFA dla m\u0142odzie\u017cy\u2026<\/span><\/li>\n<\/ol>\n<p><span style=\"color: #000000;\"><strong>W sobot\u0119 5 kwietnia<\/strong> o godzinie 16.00 zapraszamy dzieci i rodzic\u00f3w do Auli Domu Parafialnego na warsztaty, podczas kt\u00f3rych przygotujemy domowy ogr\u00f3d zmartwychwstania, kt\u00f3ry jako namacalny znak b\u0119dzie nam przypomina\u0142 o istocie \u015awi\u0105t Wielkanocnych. W Wielki Pi\u0105tek do stworzonego w ogrodzie grobu z\u0142o\u017cymy przygotowane przez dzieci figurki Jezusa i zastawimy wej\u015bcie kamieniem. W trakcie Wielkiej Soboty zamkni\u0119ty gr\u00f3b b\u0119dzie znakiem oczekiwania, a po Wigilii Paschalnej, ju\u017c otwarty stanie si\u0119 \u015bwiadkiem Zmartwychwstania. Tak wykorzystany ogr\u00f3d zmartwychwstania z pewno\u015bci\u0105 pomo\u017ce nam lepiej prze\u017cy\u0107 i zrozumie\u0107 sens \u015awiat Wielkanocnych i b\u0119dzie wyj\u0105tkow\u0105 dekoracj\u0105 w domu. W miar\u0119 mo\u017cliwo\u015bci prosimy przyniesienie ceramicznej doniczki i talerzyka.<\/span><\/p>\n<ol start=\"6\">\n<li><span style=\"color: #000000;\"><strong>Za tydzie\u0144<\/strong> I niedziela miesi\u0105ca; po ka\u017cdej Mszy \u015bw. adoracja NS, po 1-ej zmiana tajemnic \u017bR, a taca jest przeznaczona na cele inwestycyjne.<\/span><\/li>\n<li><span style=\"color: #000000;\">R\u00f3wnie\u017c w przysz\u0142\u0105 niedziel\u0119 Fundacja Hospicyjna przeprowadzi zbi\u00f3rk\u0119 do puszek na rzecz wroc\u0142awskich hospicj\u00f3w. Zach\u0119camy do wsparcia akcji.&nbsp;&nbsp;<\/span><\/li>\n<\/ol>\n<ol start=\"8\">\n<li><span style=\"color: #000000;\">Przypominamy o Parafialnej Ksi\u0119dze Abstynencji.<\/span><\/li>\n<li><span style=\"color: #000000;\">Zapraszamy do lektury prasy katolickiej, Biuletynu Parafialnego i GN\u2026<\/span><\/li>\n<\/ol>\n<p>&nbsp;<\/p>\n<p><span style=\"color: #000000;\"><strong>AMDG<\/strong><\/span><\/p>\n<p>&nbsp;<\/p>\n","protected":false},"excerpt":{"rendered":"<p>&nbsp;4 Niedziela Wielkiego Postu \u2013 30.03.2025 r. Og\u0142oszenia Parafialne &nbsp; Prze\u017cywamy Niedziel\u0119 Wielkiego Postu, czyli LAETARE. Od dzisiaj do \u015brody uczestniczymy w Rekolekcjach, kt\u00f3re g\u0142osi Ks. dr Marian Kowalski, wice-oficja\u0142 S\u0105du Duchownego. Szczeg\u00f3\u0142owy program Rekolekcji tych dni jest wywieszony w gablocie, opublikowany na stronie internetowej Parafii oraz wy\u0142o\u017cony na stoliku pod ch\u00f3rem. Rodzic\u00f3w bardzo prosimy&hellip; <br \/> <a class=\"read-more\" href=\"https:\/\/nspj.wroclaw.pl\/new\/4-niedziela-wielkiego-postu-30-03-2025-r\/\">Dowiedz si\u0119 wi\u0119cej<\/a><\/p>\n","protected":false},"author":1,"featured_media":8941,"comment_status":"closed","ping_status":"closed","sticky":false,"template":"","format":"standard","meta":{"ngg_post_thumbnail":0,"footnotes":""},"categories":[17],"tags":[],"class_list":["post-9140","post","type-post","status-publish","format-standard","has-post-thumbnail","hentry","category-ogloszenia"],"aioseo_notices":[],"_links":{"self":[{"href":"https:\/\/nspj.wroclaw.pl\/new\/wp-json\/wp\/v2\/posts\/9140","targetHints":{"allow":["GET"]}}],"collection":[{"href":"https:\/\/nspj.wroclaw.pl\/new\/wp-json\/wp\/v2\/posts"}],"about":[{"href":"https:\/\/nspj.wroclaw.pl\/new\/wp-json\/wp\/v2\/types\/post"}],"author":[{"embeddable":true,"href":"https:\/\/nspj.wroclaw.pl\/new\/wp-json\/wp\/v2\/users\/1"}],"replies":[{"embeddable":true,"href":"https:\/\/nspj.wroclaw.pl\/new\/wp-json\/wp\/v2\/comments?post=9140"}],"version-history":[{"count":1,"href":"https:\/\/nspj.wroclaw.pl\/new\/wp-json\/wp\/v2\/posts\/9140\/revisions"}],"predecessor-version":[{"id":9141,"href":"https:\/\/nspj.wroclaw.pl\/new\/wp-json\/wp\/v2\/posts\/9140\/revisions\/9141"}],"wp:featuredmedia":[{"embeddable":true,"href":"https:\/\/nspj.wroclaw.pl\/new\/wp-json\/wp\/v2\/media\/8941"}],"wp:attachment":[{"href":"https:\/\/nspj.wroclaw.pl\/new\/wp-json\/wp\/v2\/media?parent=9140"}],"wp:term":[{"taxonomy":"category","embeddable":true,"href":"https:\/\/nspj.wroclaw.pl\/new\/wp-json\/wp\/v2\/categories?post=9140"},{"taxonomy":"post_tag","embeddable":true,"href":"https:\/\/nspj.wroclaw.pl\/new\/wp-json\/wp\/v2\/tags?post=9140"}],"curies":[{"name":"wp","href":"https:\/\/api.w.org\/{rel}","templated":true}]}}