{"id":9115,"date":"2025-03-15T21:35:50","date_gmt":"2025-03-15T20:35:50","guid":{"rendered":"https:\/\/nspj.wroclaw.pl\/new\/?p=9115"},"modified":"2025-03-15T21:35:50","modified_gmt":"2025-03-15T20:35:50","slug":"2-niedziela-wielkiego-postu-16-03-2025-r","status":"publish","type":"post","link":"https:\/\/nspj.wroclaw.pl\/new\/2-niedziela-wielkiego-postu-16-03-2025-r\/","title":{"rendered":"2 Niedziela Wielkiego Postu \u2013 16.03.2025 r."},"content":{"rendered":"<p style=\"text-align: center;\"><span style=\"color: #000000;\"><strong>&nbsp;<\/strong><strong>2 Niedziela Wielkiego Postu \u2013 16.03.2025 r.<br \/>\n<\/strong><strong><u>Og<\/u><\/strong><strong><u>\u0142oszenia Parafialne<\/u><\/strong><\/span><\/p>\n<p>&nbsp;<\/p>\n<ol>\n<li><span style=\"color: #000000;\">Prze\u017cywamy<strong> Niedziel\u0119 Wielkiego Postu<\/strong>; po Mszy \u015bw. o g. 18.00 spotkanie Kandydat\u00f3w do S. Bierzmowania oraz ich Rodzic\u00f3w. R\u00f3wnocze\u015bnie o g. 19.00 zapraszamy ch\u0119tn\u0105 m\u0142odzie\u017c na spotkanie w Domu Parafialnym o g. 19.00.<\/span><\/li>\n<\/ol>\n<p>&nbsp;<\/p>\n<ol start=\"2\">\n<li><span style=\"color: #000000;\">Od tej niedzieli rozpoczyna si\u0119 tak\u017ce <strong>sprzeda\u017c \u015bwiec paschalnych i barank\u00f3w<\/strong>, jako dzie\u0142o CARITAS na rzecz dzieci potrzebuj\u0105cych pomocy\u2026 <strong>Dzi\u0119kujemy<\/strong> tak\u017ce za ofiary sk\u0142adane na kwiaty do Bo\u017cego Grobu, w obu naszych ko\u015bcio\u0142ach\u2026<\/span><\/li>\n<\/ol>\n<p>&nbsp;<\/p>\n<ol start=\"3\">\n<li><span style=\"color: #000000;\">W IV Niedziel\u0119 W-P rozpoczn\u0105 si\u0119 nasze<strong> Parafialne Rekolekcje Wielkopostne! <\/strong><\/span><\/li>\n<\/ol>\n<p>&nbsp;<\/p>\n<ol start=\"4\">\n<li><span style=\"color: #000000;\"><strong>W kalendarzu liturgicznym<\/strong>: przypominamy o nabo\u017ce\u0144stwie DK i Gorzkich \u017bali, jakie odbywaj\u0105 si\u0119 w pi\u0105tki i niedziele w naszych ko\u015bcio\u0142ach; serdecznie zach\u0119camy do udzia\u0142u w nich! <strong>DK <\/strong>odprawiana jest <strong>w pi\u0105tek <\/strong>o 9.00 \u2013 dla doros\u0142ych, potem jest Koronka do B. Mi\u0142osierdzia i adoracja od g. 15.00, nast\u0119pnie DK \u2013 dla dzieci o g. 17.15; Msza \u015bw. wieczorna o g. 18.00 a po niej DK dla m\u0142odzie\u017cy i doros\u0142ych; <strong>Gorzkie \u017bale<\/strong> \u2013 z kazaniem pasyjnym \u2013 w niedziele o g. 17.00. W<strong> Pruszowicach<\/strong> \u2013 DK o 18.30 i po niej wieczorna Msza \u015bw., a Gorzkie \u017bale przed Msz\u0105 \u015bw. niedzieln\u0105 o 10.45.<\/span><\/li>\n<\/ol>\n<p>&nbsp;<\/p>\n<ol start=\"5\">\n<li><span style=\"color: #000000;\"><strong>W \u015brod\u0119 19.03.<\/strong> &#8211; doroczna uroczysto\u015b\u0107 \u015aw. J\u00f3zefa; dodatkowa Msza \u015bw. rano o g. 9.00 i w Pruszowicach o g. 19.00: serdecznie zapraszamy. Pami\u0119tajmy w tym dniu o Solenizantach, zw\u0142aszcza Ks. Abp. J. Kupnym, 12. r. inauguracji pontyfikatu Pap. Franciszka oraz 9 r. konsekracji biskupiej Ks. Bp. Jacka Kici\u0144skiego. W tym dniu rozpoczyna si\u0119 tak\u017ce 5. Og\u00f3lnopolski Tydzie\u0144 Modlitw o ochron\u0119 \u017cycia, kt\u00f3ry zako\u0144czy si\u0119 w uroczysto\u015b\u0107 Zwiastowania Pa\u0144skiego 25.03: jako Dzie\u0144 \u015awi\u0119to\u015bci \u017bycia\u2026 &nbsp;&nbsp;<\/span><\/li>\n<\/ol>\n<p><span style=\"color: #000000;\"><strong>&nbsp;<\/strong><\/span><\/p>\n<ol start=\"6\">\n<li><span style=\"color: #000000;\">W czwartek 20.03., po wieczornej Mszy \u015bw. i adoracji w kaplicy Mi\u0142osierdzia \u2013 w Domu parafialnym kolejne <strong>warsztaty biblijne W BETANII<\/strong>; poprowadz\u0105 je Panie: El\u017cbieta \u0141ozi\u0144ska i Eliza Wasilewska.<\/span><\/li>\n<\/ol>\n<p>&nbsp;<\/p>\n<ol start=\"7\">\n<li><span style=\"color: #000000;\"><strong>22.03. w sobot\u0119: <\/strong>kolejny Apel ku czci \u015aw. JP II, kt\u00f3ry na Mszy \u015bw. wieczornej poprowadzi IV R\u00f3\u017ca \u017bR, a<strong> o g. 19.00,<\/strong> w Auli Domu Parafialnego &#8211; spotkanie Pielgrzym\u00f3w udaj\u0105cych si\u0119 do W\u0142och w dniach od 28.03.- 06.04.b.r. Natomiast <strong>w niedziel\u0119 23.03.<\/strong> \u2013 Czuwanie modlitewne ze \u015aw. O. Pio \u2013 prowadz\u0105 ksi\u0119\u017ca\u2026<\/span><\/li>\n<\/ol>\n<p>&nbsp;<\/p>\n<ol start=\"8\">\n<li><span style=\"color: #000000;\"><strong>Za tydzie\u0144,<\/strong> w niedziel\u0119 o g. 19.00 w Domu Parafialnym spotkanie Parafialnego Zespo\u0142u Synodalnego, a u Ks. Dziekana \u2013 przedstawicieli z ca\u0142ego dekanatu\u2026<\/span><\/li>\n<\/ol>\n<p>&nbsp;<\/p>\n<ol start=\"9\">\n<li><span style=\"color: #000000;\">Przypominamy, \u017ce 28.03 rozpocznie si\u0119 <strong>Kurs Alfa dla M\u0142odzie\u017cy<\/strong>. Zapraszamy m\u0142odzie\u017c w wieku 13 &#8211; 20 lat. Szczeg\u00f3\u0142y spotka\u0144 i link do zapis\u00f3w mo\u017cna znale\u017a\u0107 na stronie internetowej naszej Parafii.<\/span><\/li>\n<\/ol>\n<p>&nbsp;<\/p>\n<ol start=\"10\">\n<li><span style=\"color: #000000;\"><strong>Na pro\u015bb\u0119 Si\u00f3str Urszulanek<\/strong>, kt\u00f3re prowadz\u0105 Liceum Og\u00f3lnokszta\u0142c\u0105ce przy Pl. Nankera, w kt\u00f3rym uczy si\u0119 tak\u017ce m\u0142odzie\u017c z naszej Parafii, podajemy nast. Inf.: [Tekst w za\u0142\u0105czeniu] <strong>Zapraszamy do lektury<\/strong> biuletynu parafialnego i kolejnego nr Go\u015bcia N.: znajdziemy je na stoliku pod ch\u00f3rem\u2026<\/span><\/li>\n<\/ol>\n<p>&nbsp;<\/p>\n","protected":false},"excerpt":{"rendered":"<p>&nbsp;2 Niedziela Wielkiego Postu \u2013 16.03.2025 r. Og\u0142oszenia Parafialne &nbsp; Prze\u017cywamy Niedziel\u0119 Wielkiego Postu; po Mszy \u015bw. o g. 18.00 spotkanie Kandydat\u00f3w do S. Bierzmowania oraz ich Rodzic\u00f3w. R\u00f3wnocze\u015bnie o g. 19.00 zapraszamy ch\u0119tn\u0105 m\u0142odzie\u017c na spotkanie w Domu Parafialnym o g. 19.00. &nbsp; Od tej niedzieli rozpoczyna si\u0119 tak\u017ce sprzeda\u017c \u015bwiec paschalnych i barank\u00f3w,&hellip; <br \/> <a class=\"read-more\" href=\"https:\/\/nspj.wroclaw.pl\/new\/2-niedziela-wielkiego-postu-16-03-2025-r\/\">Dowiedz si\u0119 wi\u0119cej<\/a><\/p>\n","protected":false},"author":1,"featured_media":8941,"comment_status":"closed","ping_status":"closed","sticky":false,"template":"","format":"standard","meta":{"ngg_post_thumbnail":0,"footnotes":""},"categories":[17],"tags":[],"class_list":["post-9115","post","type-post","status-publish","format-standard","has-post-thumbnail","hentry","category-ogloszenia"],"aioseo_notices":[],"_links":{"self":[{"href":"https:\/\/nspj.wroclaw.pl\/new\/wp-json\/wp\/v2\/posts\/9115","targetHints":{"allow":["GET"]}}],"collection":[{"href":"https:\/\/nspj.wroclaw.pl\/new\/wp-json\/wp\/v2\/posts"}],"about":[{"href":"https:\/\/nspj.wroclaw.pl\/new\/wp-json\/wp\/v2\/types\/post"}],"author":[{"embeddable":true,"href":"https:\/\/nspj.wroclaw.pl\/new\/wp-json\/wp\/v2\/users\/1"}],"replies":[{"embeddable":true,"href":"https:\/\/nspj.wroclaw.pl\/new\/wp-json\/wp\/v2\/comments?post=9115"}],"version-history":[{"count":1,"href":"https:\/\/nspj.wroclaw.pl\/new\/wp-json\/wp\/v2\/posts\/9115\/revisions"}],"predecessor-version":[{"id":9116,"href":"https:\/\/nspj.wroclaw.pl\/new\/wp-json\/wp\/v2\/posts\/9115\/revisions\/9116"}],"wp:featuredmedia":[{"embeddable":true,"href":"https:\/\/nspj.wroclaw.pl\/new\/wp-json\/wp\/v2\/media\/8941"}],"wp:attachment":[{"href":"https:\/\/nspj.wroclaw.pl\/new\/wp-json\/wp\/v2\/media?parent=9115"}],"wp:term":[{"taxonomy":"category","embeddable":true,"href":"https:\/\/nspj.wroclaw.pl\/new\/wp-json\/wp\/v2\/categories?post=9115"},{"taxonomy":"post_tag","embeddable":true,"href":"https:\/\/nspj.wroclaw.pl\/new\/wp-json\/wp\/v2\/tags?post=9115"}],"curies":[{"name":"wp","href":"https:\/\/api.w.org\/{rel}","templated":true}]}}