{"id":9044,"date":"2025-03-02T19:37:02","date_gmt":"2025-03-02T18:37:02","guid":{"rendered":"https:\/\/nspj.wroclaw.pl\/new\/?p=9044"},"modified":"2025-03-08T20:41:40","modified_gmt":"2025-03-08T19:41:40","slug":"8-niedziela-zwykla-2-03-2025-r","status":"publish","type":"post","link":"https:\/\/nspj.wroclaw.pl\/new\/8-niedziela-zwykla-2-03-2025-r\/","title":{"rendered":"8 Niedziela Zwyk\u0142a \u2013 2.03.2025 r."},"content":{"rendered":"<p style=\"text-align: center;\"><span style=\"color: #000000;\"><strong>&nbsp;<\/strong><strong>8 Niedziela Zwyk\u0142a \u2013 2.03.2025 r.<br \/>\n<\/strong><strong><u>Og<\/u><\/strong><strong><u>\u0142oszenia Parafialne<\/u><\/strong><\/span><\/p>\n<p>&nbsp;<\/p>\n<ol>\n<li><span style=\"color: #000000;\"><strong>Dzisiaj jest 8.<\/strong> Niedziela Zwyk\u0142a i 1. Niedziela marca &#8211; adoracyjna; Prymaria od II R\u00f3\u017cy \u017bR: \u201eZa Chorych, cierpi\u0105cych i samotnych w naszej Parafii, aby mieli zapewnion\u0105 opiek\u0119 i wsparcie bliskich\u201d; zmiana tajemnic \u017bR; ofiary na cele inwestycyjne w Parafii\u2026 Jest to r\u00f3wnie\u017c pocz\u0105tek Tygodnia Modlitw o Trze\u017awo\u015b\u0107 Narodu; okazja do postanowienia o abstynencji na okres W. Postu<\/span><\/li>\n<li><span style=\"color: #000000;\"><strong>Dzi\u0119kujemy <\/strong>wszystkim, a zw\u0142aszcza Cz\u0142onkom Parafialnego Zespo\u0142u Synodalnego, za przygotowanie i udzia\u0142 w Dekanalnym Spotkaniu Synodalnym, kt\u00f3re mia\u0142o miejsce tydzie\u0144 temu w naszej Parafii.<\/span><\/li>\n<li><span style=\"color: #000000;\"><strong>Zesp\u00f3\u0142 Synodalny <\/strong>naszej parafii przygotowa\u0142 &#8222;Uwagi do dokumentu komisji synodalnej &#8222;Finanse i administracja&#8221; i przekaza\u0142 go do dekanalnego zespo\u0142u synodalnego. Zach\u0119camy do zapoznania si\u0119 z tre\u015bci\u0105 dokumentu <a href=\"https:\/\/nspj.wroclaw.pl\/new\/uwagi-do-dokumentu-komisji-synodalnej-finanse-i-administracja-wspolna-troska\/\" target=\"_blank\" rel=\"noopener\"><strong>(kliknij tutaj)<\/strong><\/a><\/span><\/li>\n<li><span style=\"color: #000000;\"><strong>W kalendarzu liturgicznym<\/strong>: w poniedzia\u0142ek <strong>adoracja<\/strong> dzi\u0119kczynno-wynagradzaj\u0105ca w Pruszowicach od g. 15.00 do 17.00, we wtorek 4.03. \u2013 czcimy \u015aw. Kazimierza: odpust na Zgorzelisku, a na Paw\u0142owicach adoracja od g. 9.00 do wieczornej Mszy \u015bw.; <strong>prosimy o udzia\u0142 i zaanga\u017cowanie wszystkich wsp\u00f3lnot i grup parafialnych!<\/strong> W<span style=\"color: #800080;\"> <strong><span style=\"color: #000000;\">\u015brod\u0119 \u2013<span style=\"color: #800000;\"> POPIELEC<\/span><\/span><span style=\"color: #800000;\">: <\/span><\/strong><\/span>pocz\u0105tek przygotowania paschalnego, czyli Wielkiego Postu; <strong>na ka\u017cdej Mszy \u015bw.<\/strong>, czyli o g. 9.00, 16.30, 18.00 i o 19.00 w Pruszowicach \u2013 posypanie g\u0142\u00f3w popio\u0142em, ponadto w tym dniu obowi\u0105zuje <strong>post \u015bcis\u0142y: <\/strong>czyli powstrzymanie si\u0119 od spo\u017cywania potraw mi\u0119snych w wieku od 14. roku a\u017c do \u015bmierci, a od 18. do 60. roku \u017cycia tak\u017ce ograniczenie ilo\u015bciowe posi\u0142k\u00f3w: do jednego do syta i dw\u00f3ch niepe\u0142nych; w <strong>I Czwartek <\/strong>\u2013 adoracja po Mszy \u015bw. o 18.00, z okazj\u0105 do spowiedzi I-pi\u0105tkowej; w <strong>I Pi\u0105tek \u2013 <\/strong>odwiedziny Chorych od 8.30; o 9.00 \u2013 DK dla doros\u0142ych, o 00 \u2013 Koronka do B. Mi\u0142osierdzia i adoracja \u2013 z okazj\u0105 do Spowiedzi I-pi\u0105tkowej; &nbsp;o g. 17.15 &#8211; DK dla dzieci; Msza \u015bw. wieczorna o g. 18.00 a po niej DK dla m\u0142odzie\u017cy i doros\u0142ych; oraz <strong>w Pruszowicach<\/strong> \u2013 DK o 18.30 i po niej Msza \u015bw.: i tak b\u0119dzie przez ca\u0142y okres W. Postu;&nbsp; w <strong>sobot\u0119 <\/strong>\u2013 poranna Msza \u015bw. o g. 9.00 i wieczorna z niedzieli o g. 18.00.<\/span><\/li>\n<li><span style=\"color: #000000;\"><strong>06.03.<\/strong> &#8211; <strong>po I-czwartkowej adoracji<\/strong> Naj\u015bwi\u0119tszego Sakramentu &#8211; po wieczornej Mszy \u015bw. zapraszamy doros\u0142ych na pierwsze wielkopostne warsztaty biblijne <strong><a href=\"https:\/\/nspj.wroclaw.pl\/new\/warsztaty-biblijne-w-betanii-06-03-2025\/\" target=\"_blank\" rel=\"noopener\">\u201eW Betanii\u201d<\/a>. <\/strong>Zajrzymy do domu przyjaci\u00f3\u0142 Jezusa Marty, Marii i \u0141azarza, by odkrywa\u0107 g\u0142\u0119bie ich relacji z Bogiem. Warsztaty poprowadz\u0105 El\u017cbieta \u0141ozi\u0144ska i Eliza Wasilewska.<\/span><\/li>\n<li><span style=\"color: #000000;\">Natomiast 28.03 rozpocznie si\u0119 <strong>Kurs Alfa dla M\u0142odzie\u017cy<\/strong>; s\u0105 to spotkania przy pocz\u0119stunku, z ogl\u0105daniem filmu i lu\u017an\u0105 rozmow\u0105. Zapraszamy m\u0142odzie\u017c w wieku 13 &#8211; 20 lat. Szczeg\u00f3\u0142y spotka\u0144 i link do zapis\u00f3w pojawi\u0105 si\u0119 wkr\u00f3tce na stronie internetowej naszej Parafii.<\/span><\/li>\n<li><span style=\"color: #000000;\"><strong>Za tydzie\u0144 9.03.<\/strong> podczas Mszy \u015bw. o 9.30 &#8211; b\u0142ogos\u0142awie\u0144stwo i rozdanie ksi\u0105\u017ceczek do nabo\u017ce\u0144stwa dla Dzieci I-komunijnych, a po Mszy \u015bw. spotkanie dla Rodzic\u00f3w i Dzieci w Domu Parafialnym; a g. 17.00 \u2013 pierwsze Gorzkie \u017bale z nauk\u0105 pasyjn\u0105: g\u0142osi Ks. Mariusz A. z Parafii \u015aw. Jana Ap. na Zakrzowie\u2026.<\/span><\/li>\n<li><span style=\"color: #000000;\"><strong>Zapraszamy do lektury<\/strong> biuletynu parafialnego, kolejnego nr Go\u015bcia N. oraz Nowego \u017bycia: znajdziemy je na stoliku pod ch\u00f3rem\u2026<\/span><\/li>\n<\/ol>\n<p style=\"text-align: center;\">&nbsp;<\/p>\n<p style=\"text-align: center;\"><span style=\"color: #000000;\"><strong>AMDG<\/strong><\/span><\/p>\n","protected":false},"excerpt":{"rendered":"<p>&nbsp;8 Niedziela Zwyk\u0142a \u2013 2.03.2025 r. Og\u0142oszenia Parafialne &nbsp; Dzisiaj jest 8. Niedziela Zwyk\u0142a i 1. Niedziela marca &#8211; adoracyjna; Prymaria od II R\u00f3\u017cy \u017bR: \u201eZa Chorych, cierpi\u0105cych i samotnych w naszej Parafii, aby mieli zapewnion\u0105 opiek\u0119 i wsparcie bliskich\u201d; zmiana tajemnic \u017bR; ofiary na cele inwestycyjne w Parafii\u2026 Jest to r\u00f3wnie\u017c pocz\u0105tek Tygodnia Modlitw&hellip; <br \/> <a class=\"read-more\" href=\"https:\/\/nspj.wroclaw.pl\/new\/8-niedziela-zwykla-2-03-2025-r\/\">Dowiedz si\u0119 wi\u0119cej<\/a><\/p>\n","protected":false},"author":1,"featured_media":8949,"comment_status":"closed","ping_status":"closed","sticky":false,"template":"","format":"standard","meta":{"ngg_post_thumbnail":0,"footnotes":""},"categories":[17],"tags":[],"class_list":["post-9044","post","type-post","status-publish","format-standard","has-post-thumbnail","hentry","category-ogloszenia"],"aioseo_notices":[],"_links":{"self":[{"href":"https:\/\/nspj.wroclaw.pl\/new\/wp-json\/wp\/v2\/posts\/9044","targetHints":{"allow":["GET"]}}],"collection":[{"href":"https:\/\/nspj.wroclaw.pl\/new\/wp-json\/wp\/v2\/posts"}],"about":[{"href":"https:\/\/nspj.wroclaw.pl\/new\/wp-json\/wp\/v2\/types\/post"}],"author":[{"embeddable":true,"href":"https:\/\/nspj.wroclaw.pl\/new\/wp-json\/wp\/v2\/users\/1"}],"replies":[{"embeddable":true,"href":"https:\/\/nspj.wroclaw.pl\/new\/wp-json\/wp\/v2\/comments?post=9044"}],"version-history":[{"count":4,"href":"https:\/\/nspj.wroclaw.pl\/new\/wp-json\/wp\/v2\/posts\/9044\/revisions"}],"predecessor-version":[{"id":9048,"href":"https:\/\/nspj.wroclaw.pl\/new\/wp-json\/wp\/v2\/posts\/9044\/revisions\/9048"}],"wp:featuredmedia":[{"embeddable":true,"href":"https:\/\/nspj.wroclaw.pl\/new\/wp-json\/wp\/v2\/media\/8949"}],"wp:attachment":[{"href":"https:\/\/nspj.wroclaw.pl\/new\/wp-json\/wp\/v2\/media?parent=9044"}],"wp:term":[{"taxonomy":"category","embeddable":true,"href":"https:\/\/nspj.wroclaw.pl\/new\/wp-json\/wp\/v2\/categories?post=9044"},{"taxonomy":"post_tag","embeddable":true,"href":"https:\/\/nspj.wroclaw.pl\/new\/wp-json\/wp\/v2\/tags?post=9044"}],"curies":[{"name":"wp","href":"https:\/\/api.w.org\/{rel}","templated":true}]}}