{"id":8984,"date":"2025-02-08T15:32:52","date_gmt":"2025-02-08T14:32:52","guid":{"rendered":"https:\/\/nspj.wroclaw.pl\/new\/?p=8984"},"modified":"2025-02-08T21:33:29","modified_gmt":"2025-02-08T20:33:29","slug":"pielgrzymka-do-kosciola-jubileuszowego-pw-sw-bonifacego","status":"publish","type":"post","link":"https:\/\/nspj.wroclaw.pl\/new\/pielgrzymka-do-kosciola-jubileuszowego-pw-sw-bonifacego\/","title":{"rendered":"Pielgrzymka do Ko\u015bcio\u0142a Jubileuszowego pw. \u015aw. Bonifacego"},"content":{"rendered":"<p><span style=\"color: #000000;\">Klub Pielgrzymkowo \u2013Turystyczny zaprasza na Pielgrzymk\u0119 do Ko\u015bcio\u0142a Jubileuszowego \u2013 ko\u015bcio\u0142a pw. \u015aw. Bonifacego w ramach obchod\u00f3w Roku Jubileuszowego 2025.<\/span><\/p>\n<p><span style=\"color: #000000;\">Pielgrzymka odb\u0119dzie si\u0119 w dniu 15.02.2025r (sobota). W programie pielgrzymki nawiedzenie ko\u015bcio\u0142a, Msza&nbsp; \u015awi\u0119ta , mo\u017cliwo\u015b\u0107 uzyskania odpustu pod warunkiem przyj\u0119cia Komunii \u015aw. oraz odm\u00f3wienia modlitw a nast\u0119pnie zwiedzenie z przewodnikiem by\u0142ej stacji kolei w\u0105skotorowej oraz gmachu g\u0142\u00f3wnego Uniwersytetu Wroc\u0142awskiego .<\/span><\/p>\n<p><span style=\"color: #000000;\">Zbi\u00f3rka pielgrzym\u00f3w pod ko\u015bcio\u0142em parafialnym w dniu 15.02.2025r o godz. 8:45<\/span><\/p>\n","protected":false},"excerpt":{"rendered":"<p>Klub Pielgrzymkowo \u2013Turystyczny zaprasza na Pielgrzymk\u0119 do Ko\u015bcio\u0142a Jubileuszowego \u2013 ko\u015bcio\u0142a pw. \u015aw. Bonifacego w ramach obchod\u00f3w Roku Jubileuszowego 2025. Pielgrzymka odb\u0119dzie si\u0119 w dniu 15.02.2025r (sobota). W programie pielgrzymki nawiedzenie ko\u015bcio\u0142a, Msza&nbsp; \u015awi\u0119ta , mo\u017cliwo\u015b\u0107 uzyskania odpustu pod warunkiem przyj\u0119cia Komunii \u015aw. oraz odm\u00f3wienia modlitw a nast\u0119pnie zwiedzenie z przewodnikiem by\u0142ej stacji kolei w\u0105skotorowej&hellip; <br \/> <a class=\"read-more\" href=\"https:\/\/nspj.wroclaw.pl\/new\/pielgrzymka-do-kosciola-jubileuszowego-pw-sw-bonifacego\/\">Dowiedz si\u0119 wi\u0119cej<\/a><\/p>\n","protected":false},"author":1,"featured_media":8985,"comment_status":"closed","ping_status":"closed","sticky":false,"template":"","format":"standard","meta":{"ngg_post_thumbnail":0,"footnotes":""},"categories":[1],"tags":[],"class_list":["post-8984","post","type-post","status-publish","format-standard","has-post-thumbnail","hentry","category-aktualnosci"],"aioseo_notices":[],"_links":{"self":[{"href":"https:\/\/nspj.wroclaw.pl\/new\/wp-json\/wp\/v2\/posts\/8984","targetHints":{"allow":["GET"]}}],"collection":[{"href":"https:\/\/nspj.wroclaw.pl\/new\/wp-json\/wp\/v2\/posts"}],"about":[{"href":"https:\/\/nspj.wroclaw.pl\/new\/wp-json\/wp\/v2\/types\/post"}],"author":[{"embeddable":true,"href":"https:\/\/nspj.wroclaw.pl\/new\/wp-json\/wp\/v2\/users\/1"}],"replies":[{"embeddable":true,"href":"https:\/\/nspj.wroclaw.pl\/new\/wp-json\/wp\/v2\/comments?post=8984"}],"version-history":[{"count":1,"href":"https:\/\/nspj.wroclaw.pl\/new\/wp-json\/wp\/v2\/posts\/8984\/revisions"}],"predecessor-version":[{"id":8986,"href":"https:\/\/nspj.wroclaw.pl\/new\/wp-json\/wp\/v2\/posts\/8984\/revisions\/8986"}],"wp:featuredmedia":[{"embeddable":true,"href":"https:\/\/nspj.wroclaw.pl\/new\/wp-json\/wp\/v2\/media\/8985"}],"wp:attachment":[{"href":"https:\/\/nspj.wroclaw.pl\/new\/wp-json\/wp\/v2\/media?parent=8984"}],"wp:term":[{"taxonomy":"category","embeddable":true,"href":"https:\/\/nspj.wroclaw.pl\/new\/wp-json\/wp\/v2\/categories?post=8984"},{"taxonomy":"post_tag","embeddable":true,"href":"https:\/\/nspj.wroclaw.pl\/new\/wp-json\/wp\/v2\/tags?post=8984"}],"curies":[{"name":"wp","href":"https:\/\/api.w.org\/{rel}","templated":true}]}}