{"id":8978,"date":"2025-02-08T21:23:40","date_gmt":"2025-02-08T20:23:40","guid":{"rendered":"https:\/\/nspj.wroclaw.pl\/new\/?p=8978"},"modified":"2025-02-08T21:24:42","modified_gmt":"2025-02-08T20:24:42","slug":"5-niedziela-zwykla-9-02-2025-r","status":"publish","type":"post","link":"https:\/\/nspj.wroclaw.pl\/new\/5-niedziela-zwykla-9-02-2025-r\/","title":{"rendered":"5 Niedziela Zwyk\u0142a \u2013 9.02.2025 r."},"content":{"rendered":"<p style=\"text-align: center;\"><span style=\"color: #000000;\"><strong>&nbsp;<\/strong><strong>5 Niedziela Zwyk\u0142a \u2013 9.02.2025 r.<br \/>\n<\/strong><strong><u>Og<\/u><\/strong><strong><u>\u0142oszenia Parafialne<\/u><\/strong><\/span><\/p>\n<p>&nbsp;<\/p>\n<ol>\n<li><span style=\"color: #000000;\">Dzisiaj jest 5. Niedziela Zwyk\u0142a i 2. N. lutego; ofiary na cele inwestycyjne wynios\u0142y na Paw\u0142owicach = 3&nbsp;385 z\u0142, a w Pruszowicach = 692 z\u0142; natomiast <strong>zbi\u00f3rka ofiar do puszek<\/strong> na rozpoczynaj\u0105cy si\u0119 remont organ\u00f3w w katedrze wroc\u0142awskiej 540. B\u00f3g zap\u0142a\u0107 za dar serca. &nbsp;<\/span><\/li>\n<\/ol>\n<p><span style=\"color: #000000;\"><strong>&nbsp;<\/strong><\/span><\/p>\n<ol start=\"2\">\n<li><span style=\"color: #000000;\"><strong>W kalendarzu liturgicznym<\/strong>: w <strong>poniedzia\u0142ek <\/strong>\u2013 wspomnienie <strong>\u015aw. Scholastyki, dziewicy<\/strong>; we <strong>wtorek 11.<\/strong>02. \u2013 <strong>wspomnienie NMP Lurdzkiej<\/strong> i \u015awiatowy Dzie\u0144 Chorego: pami\u0119tajmy w tym dniu o Chorych, zw\u0142aszcza w naszym otoczeniu, jakkolwiek zwyczajem naszej Parafii jest \u015bwi\u0119towanie Dnia Chorego w dniu odpustu parafialnego, czyli w tym roku \u2013 27.06.; w <strong>\u015brod\u0119 \u2013 Nowenna <\/strong>do MB NP<strong> i Msza \u015bw. wotywna <\/strong>ku czci \u015aw. J\u00f3zefa; w <strong>pi\u0105tek &#8211; \u015bwi\u0119to \u015awi\u0119tych Cyryla Mnicha<\/strong>, i <strong>Metodego Bpa: Patron\u00f3w Europy, <\/strong>a o g. 15.00 \u2013 Koronka do B. Mi\u0142osierdzia i adoracja do Mszy \u015bw. wieczornej; w <strong>sobot\u0119<\/strong> \u2013 poranna Msza \u015bw. o g. 9.00 i wieczorna z niedzieli o g. 18.00.<\/span><\/li>\n<\/ol>\n<p>&nbsp;<\/p>\n<ol start=\"3\">\n<li><span style=\"color: #000000;\">Pragniemy z ca\u0142ego serca podzi\u0119kowa\u0107 wszystkim dzieciom, m\u0142odzie\u017cy i doros\u0142ym, kt\u00f3rzy tydzie\u0144 temu uczestniczyli w <strong>rozbieraniu dekoracji<\/strong> \u015bwi\u0105tecznych, a tak\u017ce Panom, kt\u00f3rzy te prace kontynuowali w poniedzia\u0142kowe przedpo\u0142udnie!<\/span><\/li>\n<\/ol>\n<p>&nbsp;<\/p>\n<ol start=\"4\">\n<li><span style=\"color: #000000;\">Trwaj\u0105 prace modernizacyjne w niedawno otwartej kaplicy Bo\u017cego Mi\u0142osierdzia, dlatego <strong>chwilowo zosta\u0142a zawieszona jej funkcja sakralna<\/strong>\u2026<\/span><\/li>\n<\/ol>\n<p>&nbsp;<\/p>\n<ol start=\"5\">\n<li><span style=\"color: #000000;\">Na stoliku <strong>pod ch\u00f3rem <\/strong>znajdziemy biuletyn parafialny oraz kolejny nr Go\u015bcia N.; jest tak\u017ce jeszcze miesi\u0119cznik diecezjalny Nowe \u017bycie: zach\u0119camy do lektury!<\/span><\/li>\n<\/ol>\n<p>&nbsp;<\/p>\n<ol start=\"6\">\n<li><span style=\"color: #000000;\">Dzieciom i m\u0142odzie\u017cy oraz wszystkim, kt\u00f3rzy mog\u0105 korzysta\u0107 z ferii zimowych, <strong>\u017cyczymy radosnego wypoczynku\u2026 <\/strong><\/span><\/li>\n<\/ol>\n<p>&nbsp;<\/p>\n<p style=\"text-align: center;\"><span style=\"color: #000000;\"><strong>AMDG<\/strong><\/span><\/p>\n","protected":false},"excerpt":{"rendered":"<p>&nbsp;5 Niedziela Zwyk\u0142a \u2013 9.02.2025 r. Og\u0142oszenia Parafialne &nbsp; Dzisiaj jest 5. Niedziela Zwyk\u0142a i 2. N. lutego; ofiary na cele inwestycyjne wynios\u0142y na Paw\u0142owicach = 3&nbsp;385 z\u0142, a w Pruszowicach = 692 z\u0142; natomiast zbi\u00f3rka ofiar do puszek na rozpoczynaj\u0105cy si\u0119 remont organ\u00f3w w katedrze wroc\u0142awskiej 540. B\u00f3g zap\u0142a\u0107 za dar serca. &nbsp; &nbsp;&hellip; <br \/> <a class=\"read-more\" href=\"https:\/\/nspj.wroclaw.pl\/new\/5-niedziela-zwykla-9-02-2025-r\/\">Dowiedz si\u0119 wi\u0119cej<\/a><\/p>\n","protected":false},"author":1,"featured_media":8949,"comment_status":"closed","ping_status":"closed","sticky":false,"template":"","format":"standard","meta":{"ngg_post_thumbnail":0,"footnotes":""},"categories":[17],"tags":[],"class_list":["post-8978","post","type-post","status-publish","format-standard","has-post-thumbnail","hentry","category-ogloszenia"],"aioseo_notices":[],"_links":{"self":[{"href":"https:\/\/nspj.wroclaw.pl\/new\/wp-json\/wp\/v2\/posts\/8978","targetHints":{"allow":["GET"]}}],"collection":[{"href":"https:\/\/nspj.wroclaw.pl\/new\/wp-json\/wp\/v2\/posts"}],"about":[{"href":"https:\/\/nspj.wroclaw.pl\/new\/wp-json\/wp\/v2\/types\/post"}],"author":[{"embeddable":true,"href":"https:\/\/nspj.wroclaw.pl\/new\/wp-json\/wp\/v2\/users\/1"}],"replies":[{"embeddable":true,"href":"https:\/\/nspj.wroclaw.pl\/new\/wp-json\/wp\/v2\/comments?post=8978"}],"version-history":[{"count":3,"href":"https:\/\/nspj.wroclaw.pl\/new\/wp-json\/wp\/v2\/posts\/8978\/revisions"}],"predecessor-version":[{"id":8981,"href":"https:\/\/nspj.wroclaw.pl\/new\/wp-json\/wp\/v2\/posts\/8978\/revisions\/8981"}],"wp:featuredmedia":[{"embeddable":true,"href":"https:\/\/nspj.wroclaw.pl\/new\/wp-json\/wp\/v2\/media\/8949"}],"wp:attachment":[{"href":"https:\/\/nspj.wroclaw.pl\/new\/wp-json\/wp\/v2\/media?parent=8978"}],"wp:term":[{"taxonomy":"category","embeddable":true,"href":"https:\/\/nspj.wroclaw.pl\/new\/wp-json\/wp\/v2\/categories?post=8978"},{"taxonomy":"post_tag","embeddable":true,"href":"https:\/\/nspj.wroclaw.pl\/new\/wp-json\/wp\/v2\/tags?post=8978"}],"curies":[{"name":"wp","href":"https:\/\/api.w.org\/{rel}","templated":true}]}}