{"id":8951,"date":"2025-01-25T23:09:47","date_gmt":"2025-01-25T22:09:47","guid":{"rendered":"https:\/\/nspj.wroclaw.pl\/new\/?p=8951"},"modified":"2025-01-25T23:30:42","modified_gmt":"2025-01-25T22:30:42","slug":"3-niedziela-zwykla-26-01-2025-r","status":"publish","type":"post","link":"https:\/\/nspj.wroclaw.pl\/new\/3-niedziela-zwykla-26-01-2025-r\/","title":{"rendered":"3 Niedziela Zwyk\u0142a \u2013 26.01.2025 r."},"content":{"rendered":"<p style=\"text-align: center;\"><span style=\"color: #000000;\"><strong>&nbsp;<\/strong><\/span><span style=\"color: #000000;\"><strong>3 Niedziela Zwyk\u0142a \u2013 26.01.2025 r.<br \/>\n<\/strong><\/span><span style=\"color: #000000;\"><strong><u>Og<\/u><\/strong><strong><u>\u0142oszenia Parafialne<\/u><\/strong><\/span><\/p>\n<p>&nbsp;<\/p>\n<ol>\n<li><span style=\"color: #000000;\">Prze\u017cywamy ostatni\u0105 niedziel\u0119 stycznia, jako &#8211; z ustanowienia Pap. Franciszka \u2013 obchodzon\u0105 w ca\u0142ym Ko\u015bciele &#8211; <strong>Niedziel\u0119 S\u0142owa Bo\u017cego<\/strong>; dlatego te\u017c kwadrans przed ka\u017cd\u0105 Msz\u0105 \u015bw. ma miejsce dodatkowa lektura Pisma \u015bw.; dzi\u0119kujemy za zaanga\u017cowanie i uczestnictwo! W zwi\u0105zku z tym przypominamy, \u017ce <strong>wierni, kt\u00f3rzy oddadz\u0105 si\u0119 lekturze Pisma \u015aw.<\/strong> \u2013 min p\u00f3\u0142 godziny w ci\u0105gu dnia \u2013 mog\u0105 uzyska\u0107 <strong>odpust zupe\u0142ny<\/strong> pod zwyk\u0142ymi warunkami\u2026<\/span><\/li>\n<\/ol>\n<p>&nbsp;<\/p>\n<ol start=\"2\">\n<li><span style=\"color: #000000;\">R\u00f3wnie\u017c dzisiaj \u2013 <strong>po Mszy \u015bw. wieczornej<\/strong> &#8211; w naszym ko\u015bciele parafialnym odb\u0119dzie si\u0119 <strong>Koncert Kol\u0119d,<\/strong> w kt\u00f3rego programie znajd\u0105 si\u0119 kol\u0119dy i pastora\u0142ki w wykonaniu Ch\u00f3ru Laudate Dominum pod dyrekcj\u0105 Anny Ma\u0142aczy\u0144skiej, a tak\u017ce go\u015bcinny wyst\u0119p grupy wokalnej z kl. III b SP. nr 39 pod dyrekcj\u0105 Katarzyny Gorszkiej: serdecznie zapraszamy!!!<\/span><\/li>\n<\/ol>\n<p><span style=\"color: #000000;\"><strong>&nbsp;<\/strong><\/span><\/p>\n<ol start=\"3\">\n<li><span style=\"color: #000000;\"><strong>Kalendarz liturgiczny<\/strong>: od wtorku wracamy do porz\u0105dku liturgicznego sprzed okresu adwentu, czyli do wieczornych Mszy \u015bw., za wyj\u0105tkiem soboty; we <strong>wtorek <\/strong>czcimy \u015aw. Tomasza z Akwinu; w <strong>\u015brod\u0119 \u2013 <\/strong>Nowenna do MB NP i wotywa ku czci \u015aw. J\u00f3zefa; w <strong>pi\u0105tek<\/strong> \u2013 wspomnienie \u015aw. Jana Bosko, o g. 15.00 \u2013 Koronka do B. Mi\u0142osierdzia i adoracja do Mszy \u015bw. wieczornej; a w <strong>I Sobot\u0119<\/strong> \u2013 o g. 8.15 R\u00f3\u017caniec z medytacj\u0105 oraz Msza \u015bw. ku czci Niepokalanego Serca NMP.<\/span><\/li>\n<\/ol>\n<p>&nbsp;<\/p>\n<ol start=\"4\">\n<li><span style=\"color: #000000;\"><strong>W poniedzia\u0142ek <\/strong>ostatni dzie\u0144 kol\u0119dowej wizyty duszpasterskiej w naszej Parafii tzw. \u201euzupe\u0142nienie kol\u0119dy\u201d czyli odwiedziny Rodzin, kt\u00f3re poprosi\u0142y o tak\u0105 wizyt\u0119 w innym \u2013 od zaplanowanego wcze\u015bniej \u2013 terminie. W tym dniu b\u0119dzie te\u017c jeszcze raz odprawiana poranna Msza \u015bw. w intencji \u201eRodzin odwiedzanych z kol\u0119d\u0105\u201d.<\/span><\/li>\n<\/ol>\n<p>&nbsp;<\/p>\n<ol start=\"5\">\n<li><span style=\"color: #000000;\">Natomiast <strong>w \u015brod\u0119 29.01. o g. 19.00<\/strong> w auli Domu \u015aw. JP II kolejne spotkanie Parafialnego Zespo\u0142u Synodalnego; zapraszamy te\u017c do wsparcia modlitewnego prac tego Zespo\u0142u\u2026<\/span><\/li>\n<\/ol>\n<p>&nbsp;<\/p>\n<ol start=\"6\">\n<li><span style=\"color: #000000;\"><strong>Za tydzie\u0144<\/strong> Niedziela miesi\u0105ca, kt\u00f3ra zbiega si\u0119 z uroczysto\u015bci\u0105 Ofiarowania Pa\u0144skiego, czyli MB Gromnicznej: to r\u00f3wnie\u017c \u015awiatowy Dzie\u0144 \u017bycia konsekrowanego, czyli m\u0119\u017cczyzn i kobiet \u017cyj\u0105cych w zakonach; b\u0119dzie to niedziela adoracyjna, a tzw. Prymaria, czyli 1-a Msza \u015bw. niedzielna b\u0119dzie odprawiana w int. od I R\u00f3\u017cy \u017bR: \u201eAby P. B\u00f3g b\u0142ogos\u0142awi\u0142 i udzieli\u0142 potrzebnych \u0142ask rodzinom naszej Parafii, a tych kt\u00f3rzy oddalili si\u0119 od Boga obdarzy\u0142 \u015bwiat\u0142em i odwag\u0105 powrotu do jedno\u015bci z Chrystusem\u201d; dla dzieci \u2013 jest to pocz\u0105tek ferii zimowych\u2026 R\u00f3wnie\u017c za tydzie\u0144 \u2013 po ka\u017cdej Mszy \u015bw. <strong>zbi\u00f3rka ofiar do puszek<\/strong> na rozpoczynaj\u0105cy si\u0119 remont organ\u00f3w w katedrze wroc\u0142awskiej\u2026 Wi\u0119cej informacji na ten temat: <a href=\"https:\/\/katedra.wroclaw.pl\/#wsparcie\" target=\"_blank\" rel=\"noopener\">https:\/\/katedra.wroclaw.pl\/#wsparcie<\/a><br \/>\n<\/span><\/li>\n<\/ol>\n<p>&nbsp;<\/p>\n<ol start=\"7\">\n<li><span style=\"color: #000000;\">Na stoliku <strong>pod ch\u00f3rem <\/strong>znajdziemy biuletyn parafialny oraz kolejny nr Go\u015bcia N.<\/span><\/li>\n<\/ol>\n<p>&nbsp;<\/p>\n<ol start=\"8\">\n<li><span style=\"color: #000000;\"><strong>W minionym tygodniu<\/strong>: +Cecylia BASZAK, l. 92;<\/span><\/li>\n<\/ol>\n<p>&nbsp;<\/p>\n<p style=\"text-align: center;\"><span style=\"color: #000000;\"><strong>AMDG<\/strong><\/span><\/p>\n","protected":false},"excerpt":{"rendered":"<p>&nbsp;3 Niedziela Zwyk\u0142a \u2013 26.01.2025 r. Og\u0142oszenia Parafialne &nbsp; Prze\u017cywamy ostatni\u0105 niedziel\u0119 stycznia, jako &#8211; z ustanowienia Pap. Franciszka \u2013 obchodzon\u0105 w ca\u0142ym Ko\u015bciele &#8211; Niedziel\u0119 S\u0142owa Bo\u017cego; dlatego te\u017c kwadrans przed ka\u017cd\u0105 Msz\u0105 \u015bw. ma miejsce dodatkowa lektura Pisma \u015bw.; dzi\u0119kujemy za zaanga\u017cowanie i uczestnictwo! W zwi\u0105zku z tym przypominamy, \u017ce wierni, kt\u00f3rzy oddadz\u0105&hellip; <br \/> <a class=\"read-more\" href=\"https:\/\/nspj.wroclaw.pl\/new\/3-niedziela-zwykla-26-01-2025-r\/\">Dowiedz si\u0119 wi\u0119cej<\/a><\/p>\n","protected":false},"author":1,"featured_media":8949,"comment_status":"closed","ping_status":"closed","sticky":false,"template":"","format":"standard","meta":{"ngg_post_thumbnail":0,"footnotes":""},"categories":[17],"tags":[],"class_list":["post-8951","post","type-post","status-publish","format-standard","has-post-thumbnail","hentry","category-ogloszenia"],"aioseo_notices":[],"_links":{"self":[{"href":"https:\/\/nspj.wroclaw.pl\/new\/wp-json\/wp\/v2\/posts\/8951","targetHints":{"allow":["GET"]}}],"collection":[{"href":"https:\/\/nspj.wroclaw.pl\/new\/wp-json\/wp\/v2\/posts"}],"about":[{"href":"https:\/\/nspj.wroclaw.pl\/new\/wp-json\/wp\/v2\/types\/post"}],"author":[{"embeddable":true,"href":"https:\/\/nspj.wroclaw.pl\/new\/wp-json\/wp\/v2\/users\/1"}],"replies":[{"embeddable":true,"href":"https:\/\/nspj.wroclaw.pl\/new\/wp-json\/wp\/v2\/comments?post=8951"}],"version-history":[{"count":2,"href":"https:\/\/nspj.wroclaw.pl\/new\/wp-json\/wp\/v2\/posts\/8951\/revisions"}],"predecessor-version":[{"id":8956,"href":"https:\/\/nspj.wroclaw.pl\/new\/wp-json\/wp\/v2\/posts\/8951\/revisions\/8956"}],"wp:featuredmedia":[{"embeddable":true,"href":"https:\/\/nspj.wroclaw.pl\/new\/wp-json\/wp\/v2\/media\/8949"}],"wp:attachment":[{"href":"https:\/\/nspj.wroclaw.pl\/new\/wp-json\/wp\/v2\/media?parent=8951"}],"wp:term":[{"taxonomy":"category","embeddable":true,"href":"https:\/\/nspj.wroclaw.pl\/new\/wp-json\/wp\/v2\/categories?post=8951"},{"taxonomy":"post_tag","embeddable":true,"href":"https:\/\/nspj.wroclaw.pl\/new\/wp-json\/wp\/v2\/tags?post=8951"}],"curies":[{"name":"wp","href":"https:\/\/api.w.org\/{rel}","templated":true}]}}