{"id":8938,"date":"2025-01-18T19:45:38","date_gmt":"2025-01-18T18:45:38","guid":{"rendered":"https:\/\/nspj.wroclaw.pl\/new\/?p=8938"},"modified":"2025-01-18T20:21:52","modified_gmt":"2025-01-18T19:21:52","slug":"2-niedziela-zwykla-19-01-2025-r-ogloszenia-parafialne","status":"publish","type":"post","link":"https:\/\/nspj.wroclaw.pl\/new\/2-niedziela-zwykla-19-01-2025-r-ogloszenia-parafialne\/","title":{"rendered":"2 Niedziela Zwyk\u0142a \u2013 19.01.2025 r."},"content":{"rendered":"<p style=\"text-align: center;\"><span style=\"color: #000000;\"><strong>2 Niedziela Zwyk\u0142a \u2013 19.01.2025 r.<br \/>\n<\/strong><strong><u>Og<\/u><\/strong><strong><u>\u0142oszenia Parafialne<\/u><\/strong><strong><u>&nbsp;<\/u><\/strong><\/span><\/p>\n<p><span style=\"color: #000000;\"><strong>&nbsp;<\/strong><\/span><\/p>\n<ol>\n<li><span style=\"color: #000000;\">Prze\u017cywamy <strong> niedziel\u0119 stycznia<\/strong>; po Mszy \u015bw. o g. 18.00 &#8211; kolejne spotkanie z Kandydatami do S. Bierzmowania. Natomiast o g. 19.00 \u2013 w Domu Parafialnym \u2013 spotkanie dla ch\u0119tnej m\u0142odzie\u017cy\u2026 &nbsp;<\/span><\/li>\n<\/ol>\n<p>&nbsp;<\/p>\n<ol start=\"2\">\n<li><span style=\"color: #000000;\"><strong>Za tydzie\u0144<\/strong> 26 stycznia Ko\u015bci\u00f3\u0142 b\u0119dzie obchodzi\u0142 uroczy\u015bcie <strong>Niedziel\u0119 S\u0142owa Bo\u017cego<\/strong>; st\u0105d te\u017c na kwadrans przed ka\u017cd\u0105 Msz\u0105 \u015bw. b\u0119dzie mia\u0142a miejsce dodatkowa lektura Pisma \u015bw.: zapraszamy do zaanga\u017cowania i uczestniczenia! W zwi\u0105zku z tym przypominamy, \u017ce <strong>wierni, kt\u00f3rzy oddadz\u0105 si\u0119 lekturze Pisma \u015aw.<\/strong> \u2013 min p\u00f3\u0142 godziny w ci\u0105gu dnia \u2013 mog\u0105 uzyska\u0107 <strong>odpust zupe\u0142ny<\/strong> pod zwyk\u0142ymi warunkami\u2026<\/span><\/li>\n<\/ol>\n<p>&nbsp;<\/p>\n<ol start=\"3\">\n<li><span style=\"color: #000000;\">R\u00f3wnie\u017c za tydzie\u0144 \u2013 <strong>po Mszy \u015bw. wieczornej<\/strong> &#8211; w naszym ko\u015bciele parafialnym odb\u0119dzie si\u0119 <strong>Koncert Kol\u0119d,<\/strong> w kt\u00f3rego programie znajd\u0105 si\u0119 kol\u0119dy i pastora\u0142ki w wykonaniu Ch\u00f3ru Laudate Dominum pod dyrekcj\u0105 Anny Ma\u0142aczy\u0144skiej, a tak\u017ce go\u015bcinny wyst\u0119p grupy wokalnej z kl. III b SP. nr 39 pod dyrekcj\u0105 Katarzyny Gorszkiej: serdecznie zapraszamy!!!<\/span><\/li>\n<\/ol>\n<p><span style=\"color: #000000;\"><strong>&nbsp;<\/strong><\/span><\/p>\n<ol start=\"4\">\n<li><span style=\"color: #000000;\">Serdecznie dzi\u0119kujemy za <strong>JASE\u0141KA <\/strong>jakie mia\u0142y miejsce tydzie\u0144 temu w Auli Domu Parafialnego; gratulujemy talent\u00f3w i zdolno\u015bci organizacyjnych, zar\u00f3wno Rodzicom, jak i Dzieciom, kt\u00f3re bra\u0142y w nich tak pi\u0119kny udzia\u0142. Dzi\u0119kujemy te\u017c za zainteresowanie z jakim si\u0119 to wydarzenie spotka\u0142o w naszym \u015brodowisku parafialnym\u2026<\/span><\/li>\n<\/ol>\n<p><span style=\"color: #000000;\"><strong>&nbsp;<\/strong><\/span><\/p>\n<ol start=\"5\">\n<li><span style=\"color: #000000;\"><strong>Kalendarz liturgiczny<\/strong>: przypominamy, \u017ce od 18. do 25. stycznia trwa w Ko\u015bciele Tydzie\u0144 Modlitw o Jedno\u015b\u0107 Chrze\u015bcijan. We <strong>wtorek <\/strong>czcimy \u015aw. Agnieszk\u0119; w <strong>\u015brod\u0119 \u2013 <\/strong>na Mszy \u015bw. wieczornej \u2013 Nowenna do MB NP.; w <strong>pi\u0105tek<\/strong> \u2013 wspomnienie \u015aw. Franciszka Salezego, o g. 15.00 \u2013 Koronka do B. Mi\u0142osierdzia i adoracja do Mszy \u015bw. wieczornej; a w <strong>sobot\u0119<\/strong> \u2013 \u015bwi\u0119to liturgiczne Nawr\u00f3cenia \u015aw. Paw\u0142a Ap.<\/span><\/li>\n<\/ol>\n<p>&nbsp;<\/p>\n<ol start=\"6\">\n<li><span style=\"color: #000000;\">To b\u0119dzie ju\u017c<strong> ostatni tydzie\u0144 kol\u0119dowej wizyty <\/strong>duszpasterskiej w naszej Parafii<strong>.<\/strong> Zapraszamy do uczestnictwa w Mszy \u015bw. odprawianej w intencji Rodzin odwiedzanych w danym dniu z kol\u0119d\u0105 o g. 9.00. Podajemy te\u017c ostatni\u0105 cz\u0119\u015b\u0107 planu tych wizyt na najbli\u017cszy tydzie\u0144: [\u2026]. Rozpoczynaj\u0105 si\u0119 one od g. 16.00, a w sobot\u0119 od g. 11.00. Szczeg\u00f3\u0142owy plan kol\u0119dy znajduje si\u0119 na tablicy og\u0142osze\u0144 oraz w Internecie. Dzie\u0144 wcze\u015bniej ministranci zapowiadaj\u0105 kol\u0119d\u0119 na danej ulicy oraz weryfikuj\u0105 list\u0119 Rodzin, kt\u00f3re t\u0119 wizyt\u0119 przyjmuj\u0105\u2026 Po nast\u0119pnej niedzieli \u2013 <strong>w poniedzia\u0142ek<\/strong> &#8211; b\u0119dzie jeszcze dzie\u0144 tzw. \u201euzupe\u0142niania kol\u0119dy\u201d, czyli odwiedzin Rodzin, kt\u00f3re z r\u00f3\u017cnych przyczyn nie mog\u0142y przyj\u0105\u0107 tej wizyty w zaplanowanym wcze\u015bniej terminie przy swojej ulicy\u2026<\/span><\/li>\n<\/ol>\n<p>&nbsp;<\/p>\n<ol start=\"7\">\n<li><span style=\"color: #000000;\">Na stoliku <strong>pod ch\u00f3rem <\/strong>znajdziemy biuletyn parafialny oraz kolejny nr Go\u015bcia N.<\/span><\/li>\n<\/ol>\n<p>&nbsp;<\/p>\n<p style=\"text-align: center;\"><span style=\"color: #000000;\"><strong>AMDG<\/strong><\/span><\/p>\n","protected":false},"excerpt":{"rendered":"<p>2 Niedziela Zwyk\u0142a \u2013 19.01.2025 r. Og\u0142oszenia Parafialne&nbsp; &nbsp; Prze\u017cywamy niedziel\u0119 stycznia; po Mszy \u015bw. o g. 18.00 &#8211; kolejne spotkanie z Kandydatami do S. Bierzmowania. Natomiast o g. 19.00 \u2013 w Domu Parafialnym \u2013 spotkanie dla ch\u0119tnej m\u0142odzie\u017cy\u2026 &nbsp; &nbsp; Za tydzie\u0144 26 stycznia Ko\u015bci\u00f3\u0142 b\u0119dzie obchodzi\u0142 uroczy\u015bcie Niedziel\u0119 S\u0142owa Bo\u017cego; st\u0105d te\u017c na&hellip; <br \/> <a class=\"read-more\" href=\"https:\/\/nspj.wroclaw.pl\/new\/2-niedziela-zwykla-19-01-2025-r-ogloszenia-parafialne\/\">Dowiedz si\u0119 wi\u0119cej<\/a><\/p>\n","protected":false},"author":1,"featured_media":8949,"comment_status":"closed","ping_status":"closed","sticky":false,"template":"","format":"standard","meta":{"ngg_post_thumbnail":0,"footnotes":""},"categories":[17],"tags":[],"class_list":["post-8938","post","type-post","status-publish","format-standard","has-post-thumbnail","hentry","category-ogloszenia"],"aioseo_notices":[],"_links":{"self":[{"href":"https:\/\/nspj.wroclaw.pl\/new\/wp-json\/wp\/v2\/posts\/8938","targetHints":{"allow":["GET"]}}],"collection":[{"href":"https:\/\/nspj.wroclaw.pl\/new\/wp-json\/wp\/v2\/posts"}],"about":[{"href":"https:\/\/nspj.wroclaw.pl\/new\/wp-json\/wp\/v2\/types\/post"}],"author":[{"embeddable":true,"href":"https:\/\/nspj.wroclaw.pl\/new\/wp-json\/wp\/v2\/users\/1"}],"replies":[{"embeddable":true,"href":"https:\/\/nspj.wroclaw.pl\/new\/wp-json\/wp\/v2\/comments?post=8938"}],"version-history":[{"count":2,"href":"https:\/\/nspj.wroclaw.pl\/new\/wp-json\/wp\/v2\/posts\/8938\/revisions"}],"predecessor-version":[{"id":8942,"href":"https:\/\/nspj.wroclaw.pl\/new\/wp-json\/wp\/v2\/posts\/8938\/revisions\/8942"}],"wp:featuredmedia":[{"embeddable":true,"href":"https:\/\/nspj.wroclaw.pl\/new\/wp-json\/wp\/v2\/media\/8949"}],"wp:attachment":[{"href":"https:\/\/nspj.wroclaw.pl\/new\/wp-json\/wp\/v2\/media?parent=8938"}],"wp:term":[{"taxonomy":"category","embeddable":true,"href":"https:\/\/nspj.wroclaw.pl\/new\/wp-json\/wp\/v2\/categories?post=8938"},{"taxonomy":"post_tag","embeddable":true,"href":"https:\/\/nspj.wroclaw.pl\/new\/wp-json\/wp\/v2\/tags?post=8938"}],"curies":[{"name":"wp","href":"https:\/\/api.w.org\/{rel}","templated":true}]}}