{"id":8845,"date":"2025-01-06T20:35:08","date_gmt":"2025-01-06T19:35:08","guid":{"rendered":"https:\/\/nspj.wroclaw.pl\/new\/?p=8845"},"modified":"2025-01-10T20:53:43","modified_gmt":"2025-01-10T19:53:43","slug":"parafialny-orszak-trzech-kroli-2025","status":"publish","type":"post","link":"https:\/\/nspj.wroclaw.pl\/new\/parafialny-orszak-trzech-kroli-2025\/","title":{"rendered":"Parafialny Orszak Trzech Kr\u00f3li 2025"},"content":{"rendered":"<p><span style=\"color: #000000;\">W dniu 6 stycznia 2025 po Mszy \u015bw. o 12.30 z pod ko\u015bcio\u0142a, wyruszy\u0142 na ulice naszego osiedla parafialny Orszak Trzech Kr\u00f3li. Jego zako\u0144czeniem by\u0142a kol\u0119da w Klasztorze SS. Benedyktynek-Sakramentek na naszym Osiedlu.<\/span><\/p>\nngg_shortcode_0_placeholder\n<p>&nbsp;<\/p>\n","protected":false},"excerpt":{"rendered":"<p>W dniu 6 stycznia 2025 po Mszy \u015bw. o 12.30 z pod ko\u015bcio\u0142a, wyruszy\u0142 na ulice naszego osiedla parafialny Orszak Trzech Kr\u00f3li. Jego zako\u0144czeniem by\u0142a kol\u0119da w Klasztorze SS. Benedyktynek-Sakramentek na naszym Osiedlu. &nbsp; &nbsp;<\/p>\n","protected":false},"author":1,"featured_media":8868,"comment_status":"closed","ping_status":"closed","sticky":false,"template":"","format":"standard","meta":{"ngg_post_thumbnail":0,"footnotes":""},"categories":[15],"tags":[],"class_list":["post-8845","post","type-post","status-publish","format-standard","has-post-thumbnail","hentry","category-galeria"],"aioseo_notices":[],"_links":{"self":[{"href":"https:\/\/nspj.wroclaw.pl\/new\/wp-json\/wp\/v2\/posts\/8845","targetHints":{"allow":["GET"]}}],"collection":[{"href":"https:\/\/nspj.wroclaw.pl\/new\/wp-json\/wp\/v2\/posts"}],"about":[{"href":"https:\/\/nspj.wroclaw.pl\/new\/wp-json\/wp\/v2\/types\/post"}],"author":[{"embeddable":true,"href":"https:\/\/nspj.wroclaw.pl\/new\/wp-json\/wp\/v2\/users\/1"}],"replies":[{"embeddable":true,"href":"https:\/\/nspj.wroclaw.pl\/new\/wp-json\/wp\/v2\/comments?post=8845"}],"version-history":[{"count":4,"href":"https:\/\/nspj.wroclaw.pl\/new\/wp-json\/wp\/v2\/posts\/8845\/revisions"}],"predecessor-version":[{"id":8873,"href":"https:\/\/nspj.wroclaw.pl\/new\/wp-json\/wp\/v2\/posts\/8845\/revisions\/8873"}],"wp:featuredmedia":[{"embeddable":true,"href":"https:\/\/nspj.wroclaw.pl\/new\/wp-json\/wp\/v2\/media\/8868"}],"wp:attachment":[{"href":"https:\/\/nspj.wroclaw.pl\/new\/wp-json\/wp\/v2\/media?parent=8845"}],"wp:term":[{"taxonomy":"category","embeddable":true,"href":"https:\/\/nspj.wroclaw.pl\/new\/wp-json\/wp\/v2\/categories?post=8845"},{"taxonomy":"post_tag","embeddable":true,"href":"https:\/\/nspj.wroclaw.pl\/new\/wp-json\/wp\/v2\/tags?post=8845"}],"curies":[{"name":"wp","href":"https:\/\/api.w.org\/{rel}","templated":true}]}}