{"id":8823,"date":"2025-01-04T19:38:08","date_gmt":"2025-01-04T18:38:08","guid":{"rendered":"https:\/\/nspj.wroclaw.pl\/new\/?p=8823"},"modified":"2025-01-02T22:40:40","modified_gmt":"2025-01-02T21:40:40","slug":"ii-niedziela-po-narodzeniu-panskim-5-01-2025-r-ogloszenia-parafialne","status":"publish","type":"post","link":"https:\/\/nspj.wroclaw.pl\/new\/ii-niedziela-po-narodzeniu-panskim-5-01-2025-r-ogloszenia-parafialne\/","title":{"rendered":"II Niedziela po Narodzeniu Pa\u0144skim \u2013 5.01.2025 r. Og\u0142oszenia Parafialne"},"content":{"rendered":"<p style=\"text-align: center;\"><span style=\"color: #000000;\"><strong>&nbsp;<\/strong><strong>II Niedziela po Narodzeniu Pa\u0144skim \u2013 5.01.2025 r.<\/strong><\/span><\/p>\n<p style=\"text-align: center;\"><span style=\"color: #000000;\"><strong><u>Og<\/u><\/strong><strong><u>\u0142oszenia Parafialne<\/u><\/strong><\/span><\/p>\n<p>&nbsp;<\/p>\n<ol>\n<li><span style=\"color: #000000;\">Prze\u017cywamy <strong>pierwsz\u0105 niedziel\u0119 stycznia<\/strong> w Nowym Roku, jako adoracyjn\u0105: int. na Prymari\u0119 \u2013 od IV R\u00f3\u017cy \u017bR: \u201eAby\u015bmy nie zw\u0105tpili, \u017ce B\u00f3g zawsze dotrzymuje obietnicy i nie\u015bli t\u0119 nadziej\u0119 w\u0105tpi\u0105cym, s\u0142abym i zrezygnowanym\u201d, po Prymarii zmiana tajemnic \u017bR; w Pruszowicach po Mszy \u015bw. o g. 11.00; a ofiary s\u0105 przeznaczone na inwestycje, zar\u00f3wno na Paw\u0142owicach, jak i w Pruszowicach\u2026<\/span><\/li>\n<\/ol>\n<p>&nbsp;<\/p>\n<ol start=\"2\">\n<li><span style=\"color: #000000;\">Dzisiaj po po\u0142udniu, <strong>o g. 16.00<\/strong> zapraszamy serdecznie na parafialno-osiedlowe <strong>spotkanie op\u0142atkowe<\/strong> do Auli Domu parafialnego; niech stanie si\u0119 ono okazj\u0105 do odbudowywania wi\u0119zi s\u0105siedzkich, a tak\u017ce zapoznawania si\u0119 mieszka\u0144c\u00f3w ju\u017c zakorzenionych w naszym \u015brodowisku z tymi, kt\u00f3rzy dopiero si\u0119 tu zadomowili. Zapraszamy te\u017c do zaanga\u017cowania si\u0119 w przygotowanie tego spotkania\u2026<\/span><\/li>\n<\/ol>\n<p>&nbsp;<\/p>\n<ol start=\"3\">\n<li><span style=\"color: #000000;\"><strong>Dzi\u0119kujemy <\/strong>serdecznie za \u017cyczenia \u015bwi\u0105teczno-noworoczne, jakie nap\u0142yn\u0119\u0142y na adres naszej Parafii; zapewniamy o wzajemno\u015bci oraz modlitwie przy \u017b\u0142\u00f3bku\u2026<\/span><\/li>\n<\/ol>\n<p><span style=\"color: #000000;\"><strong>&nbsp;<\/strong><\/span><\/p>\n<ol start=\"4\">\n<li><span style=\"color: #000000;\"><strong>Kalendarz liturgiczny<\/strong>: jutro w poniedzia\u0142ek &#8211; 6.I. &#8211; przypada <strong>uroczysto\u015b\u0107 Objawienia Pa\u0144skiego<\/strong>, czyli Trzech Kr\u00f3li: jest to tak\u017ce okazja do wspierania swoimi ofiarami potrzeb Ko\u015bcio\u0142a misyjnego; Msze \u015bw. wg porz\u0105dku niedzielnego, po Mszy \u015bw. o 12.30 \u2013 zapraszamy do naszego lokalnego <strong>Orszaku Trzech Kr\u00f3li <\/strong>i udzia\u0142u w kol\u0119dzie do Klasztoru SS. Benedyktynek-Sakramentek na naszym Osiedlu; w <strong>\u015brod\u0119 \u2013 <\/strong>na Mszy \u015bw. wieczornej \u2013 Nowenna do MB NP.; w pi\u0105tek o 15.00 \u2013 Koronka do B. Mi\u0142osierdzia i adoracja do Mszy \u015bw. wieczornej.<\/span><\/li>\n<\/ol>\n<p>&nbsp;<\/p>\n<ol start=\"5\">\n<li><span style=\"color: #000000;\">W nast\u0119pn\u0105 niedziel\u0119 Chrztu Pa\u0144skiego &#8211; <strong>12.I. o g. 16.00 \u2013 <\/strong>w Auli Domu Parafialnego odb\u0119d\u0105 si\u0119 <strong>JASE\u0141KA<\/strong> w wykonaniu Grupy Teatralnej, jaka zawi\u0105za\u0142a si\u0119 na naszym Osiedlu &#8211; z udzia\u0142em dzieci oraz ich rodzic\u00f3w; serdecznie zapraszamy na t\u0119 pi\u0119kn\u0105, \u015bwi\u0105teczn\u0105 inscenizacj\u0119\u2026<\/span><\/li>\n<\/ol>\n<p>&nbsp;<\/p>\n<ol start=\"6\">\n<li><span style=\"color: #000000;\"><strong>Pocz\u0105tek kol\u0119dy <\/strong>planowany jest od<strong> 7<\/strong>.<strong>I.2025.<\/strong> Zapraszamy do uczestnictwa w Mszy \u015bw. celebrowanej w intencji Rodzin odwiedzanych w danym dniu z kol\u0119d\u0105: w dni powszednie zawsze o g. 9.00, a\u017c do poniedzia\u0142ku 27.I., czyli ostatniego dnia kol\u0119dy. Pe\u0142ny szczeg\u00f3\u0142owy plan kol\u0119dy znajdziemy na tablicy og\u0142osze\u0144 i w intern..<\/span><\/li>\n<\/ol>\n<p>&nbsp;<\/p>\n<ol start=\"7\">\n<li><span style=\"color: #000000;\">Trwaj\u0105 <strong>zapisy na Pielgrzymk\u0119<\/strong> Jubileuszow\u0105 do Rzymu; lista znajduje si\u0119 w zakrystii\u2026 Prosimy o szybkie podejmowanie decyzji\u2026<\/span><\/li>\n<\/ol>\n<p>&nbsp;<\/p>\n<ol start=\"8\">\n<li><span style=\"color: #000000;\">Ju\u017c teraz, na pocz\u0105tku Nowego Roku odb\u0119dzie si\u0119 doroczna <strong>akcja zbi\u00f3rki zu\u017cytego sprz\u0119tu elektrycznego i elektronicznego: <\/strong>termin bardzo kr\u00f3tki, bo tylko do 9.01.: na Paw\u0142owicach naprzeciw o\u0142tarza polowego, w Pruszowicach u pp. Michalskich \u2013 ul. S\u0142oneczna 10. Zapraszamy do tej formy pomocy dla Misji\u2026<\/span><\/li>\n<\/ol>\n<p>&nbsp;<\/p>\n<ol start=\"9\">\n<li><span style=\"color: #000000;\">Na stoliku <strong>pod ch\u00f3rem <\/strong>znajdziemy biuletyn parafialny oraz 1. Nr Go\u015bcia N\u2026<\/span><\/li>\n<\/ol>\n<p>&nbsp;<\/p>\n<p><span style=\"color: #000000;\"><strong>AMDG<\/strong><\/span><\/p>\n","protected":false},"excerpt":{"rendered":"<p>&nbsp;II Niedziela po Narodzeniu Pa\u0144skim \u2013 5.01.2025 r. Og\u0142oszenia Parafialne &nbsp; Prze\u017cywamy pierwsz\u0105 niedziel\u0119 stycznia w Nowym Roku, jako adoracyjn\u0105: int. na Prymari\u0119 \u2013 od IV R\u00f3\u017cy \u017bR: \u201eAby\u015bmy nie zw\u0105tpili, \u017ce B\u00f3g zawsze dotrzymuje obietnicy i nie\u015bli t\u0119 nadziej\u0119 w\u0105tpi\u0105cym, s\u0142abym i zrezygnowanym\u201d, po Prymarii zmiana tajemnic \u017bR; w Pruszowicach po Mszy \u015bw. o&hellip; <br \/> <a class=\"read-more\" href=\"https:\/\/nspj.wroclaw.pl\/new\/ii-niedziela-po-narodzeniu-panskim-5-01-2025-r-ogloszenia-parafialne\/\">Dowiedz si\u0119 wi\u0119cej<\/a><\/p>\n","protected":false},"author":1,"featured_media":8824,"comment_status":"closed","ping_status":"closed","sticky":false,"template":"","format":"standard","meta":{"ngg_post_thumbnail":0,"footnotes":""},"categories":[17],"tags":[],"class_list":["post-8823","post","type-post","status-publish","format-standard","has-post-thumbnail","hentry","category-ogloszenia"],"aioseo_notices":[],"_links":{"self":[{"href":"https:\/\/nspj.wroclaw.pl\/new\/wp-json\/wp\/v2\/posts\/8823","targetHints":{"allow":["GET"]}}],"collection":[{"href":"https:\/\/nspj.wroclaw.pl\/new\/wp-json\/wp\/v2\/posts"}],"about":[{"href":"https:\/\/nspj.wroclaw.pl\/new\/wp-json\/wp\/v2\/types\/post"}],"author":[{"embeddable":true,"href":"https:\/\/nspj.wroclaw.pl\/new\/wp-json\/wp\/v2\/users\/1"}],"replies":[{"embeddable":true,"href":"https:\/\/nspj.wroclaw.pl\/new\/wp-json\/wp\/v2\/comments?post=8823"}],"version-history":[{"count":1,"href":"https:\/\/nspj.wroclaw.pl\/new\/wp-json\/wp\/v2\/posts\/8823\/revisions"}],"predecessor-version":[{"id":8825,"href":"https:\/\/nspj.wroclaw.pl\/new\/wp-json\/wp\/v2\/posts\/8823\/revisions\/8825"}],"wp:featuredmedia":[{"embeddable":true,"href":"https:\/\/nspj.wroclaw.pl\/new\/wp-json\/wp\/v2\/media\/8824"}],"wp:attachment":[{"href":"https:\/\/nspj.wroclaw.pl\/new\/wp-json\/wp\/v2\/media?parent=8823"}],"wp:term":[{"taxonomy":"category","embeddable":true,"href":"https:\/\/nspj.wroclaw.pl\/new\/wp-json\/wp\/v2\/categories?post=8823"},{"taxonomy":"post_tag","embeddable":true,"href":"https:\/\/nspj.wroclaw.pl\/new\/wp-json\/wp\/v2\/tags?post=8823"}],"curies":[{"name":"wp","href":"https:\/\/api.w.org\/{rel}","templated":true}]}}