{"id":8806,"date":"2025-01-10T20:12:39","date_gmt":"2025-01-10T19:12:39","guid":{"rendered":"https:\/\/nspj.wroclaw.pl\/new\/?p=8806"},"modified":"2025-01-10T21:36:20","modified_gmt":"2025-01-10T20:36:20","slug":"zaproszenie-na-jaselka-12-stycznia-niedziela-godz-1600","status":"publish","type":"post","link":"https:\/\/nspj.wroclaw.pl\/new\/zaproszenie-na-jaselka-12-stycznia-niedziela-godz-1600\/","title":{"rendered":"Zaproszenie na Jase\u0142ka"},"content":{"rendered":"<p><span style=\"color: #000000;\">W niedziel\u0119 Chrztu Pa\u0144skiego &#8211; <strong>12.I. o g. 16.00 \u2013 <\/strong>w Auli Domu Parafialnego odb\u0119d\u0105 si\u0119 <strong>JASE\u0141KA<\/strong> w wykonaniu Grupy Teatralnej, z udzia\u0142em dzieci oraz ich rodzic\u00f3w; serdecznie zapraszamy na t\u0119 pi\u0119kn\u0105, \u015bwi\u0105teczn\u0105 inscenizacj\u0119.<br \/>\nW czasie przedstawienia b\u0119dzie mo\u017cna wesprze\u0107 dzia\u0142alno\u015b\u0107 m\u0142odych artyst\u00f3w dobrowoln\u0105 ofiar\u0105.<br \/>\n<\/span><\/p>\n","protected":false},"excerpt":{"rendered":"<p>W niedziel\u0119 Chrztu Pa\u0144skiego &#8211; 12.I. o g. 16.00 \u2013 w Auli Domu Parafialnego odb\u0119d\u0105 si\u0119 JASE\u0141KA w wykonaniu Grupy Teatralnej, z udzia\u0142em dzieci oraz ich rodzic\u00f3w; serdecznie zapraszamy na t\u0119 pi\u0119kn\u0105, \u015bwi\u0105teczn\u0105 inscenizacj\u0119. W czasie przedstawienia b\u0119dzie mo\u017cna wesprze\u0107 dzia\u0142alno\u015b\u0107 m\u0142odych artyst\u00f3w dobrowoln\u0105 ofiar\u0105.<\/p>\n","protected":false},"author":1,"featured_media":8807,"comment_status":"closed","ping_status":"closed","sticky":false,"template":"","format":"standard","meta":{"ngg_post_thumbnail":0,"footnotes":""},"categories":[1],"tags":[],"class_list":["post-8806","post","type-post","status-publish","format-standard","has-post-thumbnail","hentry","category-aktualnosci"],"aioseo_notices":[],"_links":{"self":[{"href":"https:\/\/nspj.wroclaw.pl\/new\/wp-json\/wp\/v2\/posts\/8806","targetHints":{"allow":["GET"]}}],"collection":[{"href":"https:\/\/nspj.wroclaw.pl\/new\/wp-json\/wp\/v2\/posts"}],"about":[{"href":"https:\/\/nspj.wroclaw.pl\/new\/wp-json\/wp\/v2\/types\/post"}],"author":[{"embeddable":true,"href":"https:\/\/nspj.wroclaw.pl\/new\/wp-json\/wp\/v2\/users\/1"}],"replies":[{"embeddable":true,"href":"https:\/\/nspj.wroclaw.pl\/new\/wp-json\/wp\/v2\/comments?post=8806"}],"version-history":[{"count":4,"href":"https:\/\/nspj.wroclaw.pl\/new\/wp-json\/wp\/v2\/posts\/8806\/revisions"}],"predecessor-version":[{"id":8829,"href":"https:\/\/nspj.wroclaw.pl\/new\/wp-json\/wp\/v2\/posts\/8806\/revisions\/8829"}],"wp:featuredmedia":[{"embeddable":true,"href":"https:\/\/nspj.wroclaw.pl\/new\/wp-json\/wp\/v2\/media\/8807"}],"wp:attachment":[{"href":"https:\/\/nspj.wroclaw.pl\/new\/wp-json\/wp\/v2\/media?parent=8806"}],"wp:term":[{"taxonomy":"category","embeddable":true,"href":"https:\/\/nspj.wroclaw.pl\/new\/wp-json\/wp\/v2\/categories?post=8806"},{"taxonomy":"post_tag","embeddable":true,"href":"https:\/\/nspj.wroclaw.pl\/new\/wp-json\/wp\/v2\/tags?post=8806"}],"curies":[{"name":"wp","href":"https:\/\/api.w.org\/{rel}","templated":true}]}}