{"id":8800,"date":"2024-12-30T22:27:21","date_gmt":"2024-12-30T21:27:21","guid":{"rendered":"https:\/\/nspj.wroclaw.pl\/new\/?p=8800"},"modified":"2024-12-30T22:27:47","modified_gmt":"2024-12-30T21:27:47","slug":"parafialno-osiedlowe-spotkanie-oplatkowe-5-i-2025-g-16-00","status":"publish","type":"post","link":"https:\/\/nspj.wroclaw.pl\/new\/parafialno-osiedlowe-spotkanie-oplatkowe-5-i-2025-g-16-00\/","title":{"rendered":"Spotkanie Op\u0142atkowe  5.I.2025 g.16.00"},"content":{"rendered":"<p><span style=\"color: #000000;\">W niedziel\u0119 <strong>5.I.2025 r. o g. 16.00<\/strong> w Auli Domu parafialnego zaplanowane jest parafialno-osiedlowe <strong>spotkanie op\u0142atkowe<\/strong>: serdecznie zapraszamy do udzia\u0142u w tym spotkaniu, a tak\u017ce zaanga\u017cowania si\u0119 w jego przygotowanie; liczymy na powr\u00f3t do pi\u0119knej tradycji paw\u0142owickiej oraz na ch\u0119\u0107 zaanga\u017cowania si\u0119 w takie wydarzenie zar\u00f3wno mieszka\u0144c\u00f3w ju\u017c dobrze zakorzenionych, jak i tych \u015bwie\u017co przyby\u0142ych; to mo\u017ce by\u0107 pi\u0119kna okazja do wzajemnego poznawania si\u0119 ze sob\u0105\u2026<\/span><\/p>\n","protected":false},"excerpt":{"rendered":"<p>W niedziel\u0119 5.I.2025 r. o g. 16.00 w Auli Domu parafialnego zaplanowane jest parafialno-osiedlowe spotkanie op\u0142atkowe: serdecznie zapraszamy do udzia\u0142u w tym spotkaniu, a tak\u017ce zaanga\u017cowania si\u0119 w jego przygotowanie; liczymy na powr\u00f3t do pi\u0119knej tradycji paw\u0142owickiej oraz na ch\u0119\u0107 zaanga\u017cowania si\u0119 w takie wydarzenie zar\u00f3wno mieszka\u0144c\u00f3w ju\u017c dobrze zakorzenionych, jak i tych \u015bwie\u017co przyby\u0142ych;&hellip; <br \/> <a class=\"read-more\" href=\"https:\/\/nspj.wroclaw.pl\/new\/parafialno-osiedlowe-spotkanie-oplatkowe-5-i-2025-g-16-00\/\">Dowiedz si\u0119 wi\u0119cej<\/a><\/p>\n","protected":false},"author":1,"featured_media":8801,"comment_status":"closed","ping_status":"closed","sticky":false,"template":"","format":"standard","meta":{"ngg_post_thumbnail":0,"footnotes":""},"categories":[1],"tags":[],"class_list":["post-8800","post","type-post","status-publish","format-standard","has-post-thumbnail","hentry","category-aktualnosci"],"aioseo_notices":[],"_links":{"self":[{"href":"https:\/\/nspj.wroclaw.pl\/new\/wp-json\/wp\/v2\/posts\/8800","targetHints":{"allow":["GET"]}}],"collection":[{"href":"https:\/\/nspj.wroclaw.pl\/new\/wp-json\/wp\/v2\/posts"}],"about":[{"href":"https:\/\/nspj.wroclaw.pl\/new\/wp-json\/wp\/v2\/types\/post"}],"author":[{"embeddable":true,"href":"https:\/\/nspj.wroclaw.pl\/new\/wp-json\/wp\/v2\/users\/1"}],"replies":[{"embeddable":true,"href":"https:\/\/nspj.wroclaw.pl\/new\/wp-json\/wp\/v2\/comments?post=8800"}],"version-history":[{"count":2,"href":"https:\/\/nspj.wroclaw.pl\/new\/wp-json\/wp\/v2\/posts\/8800\/revisions"}],"predecessor-version":[{"id":8803,"href":"https:\/\/nspj.wroclaw.pl\/new\/wp-json\/wp\/v2\/posts\/8800\/revisions\/8803"}],"wp:featuredmedia":[{"embeddable":true,"href":"https:\/\/nspj.wroclaw.pl\/new\/wp-json\/wp\/v2\/media\/8801"}],"wp:attachment":[{"href":"https:\/\/nspj.wroclaw.pl\/new\/wp-json\/wp\/v2\/media?parent=8800"}],"wp:term":[{"taxonomy":"category","embeddable":true,"href":"https:\/\/nspj.wroclaw.pl\/new\/wp-json\/wp\/v2\/categories?post=8800"},{"taxonomy":"post_tag","embeddable":true,"href":"https:\/\/nspj.wroclaw.pl\/new\/wp-json\/wp\/v2\/tags?post=8800"}],"curies":[{"name":"wp","href":"https:\/\/api.w.org\/{rel}","templated":true}]}}