{"id":8796,"date":"2024-12-28T14:10:23","date_gmt":"2024-12-28T13:10:23","guid":{"rendered":"https:\/\/nspj.wroclaw.pl\/new\/?p=8796"},"modified":"2024-12-31T08:01:38","modified_gmt":"2024-12-31T07:01:38","slug":"rok-jubileuszowy-2025-pielgrzymi-nadziei-w-archidiecezji-wroclawskiej","status":"publish","type":"post","link":"https:\/\/nspj.wroclaw.pl\/new\/rok-jubileuszowy-2025-pielgrzymi-nadziei-w-archidiecezji-wroclawskiej\/","title":{"rendered":"Rok Jubileuszowy 2025 \u201cPielgrzymi nadziei\u201d w Archidiecezji Wroc\u0142awskiej"},"content":{"rendered":"<p dir=\"auto\"><span style=\"color: #000000;\"><strong>O Roku Jubileuszowym, synodzie i nawr\u00f3cenie<\/strong><\/span><\/p>\n<p dir=\"auto\"><span style=\"color: #000000;\">Prze\u017cycie Roku Jubileuszowego 2025 \u201ePielgrzymi nadziei\u201d jest jednym z cel\u00f3w Synodu Archidiecezji Wroc\u0142awskiej o nawr\u00f3ceniu i odnowie \u017cycia Ko\u015bcio\u0142a. Chcemy prze\u017cy\u0107 ten rok, uczestnicz\u0105c w wydarzeniach centralnych oraz pielgrzymuj\u0105c po drogach naszej archidiecezji do ko\u015bcio\u0142\u00f3w i kaplic jubileuszowych oraz tzw. \u201cznak\u00f3w nadziei\u201d, czyli miejsc, w kt\u00f3rych dokonuje si\u0119 konkretne, dobre dzie\u0142o.<\/span><\/p>\n<p><span style=\"color: #000000;\"><strong>Jeste\u015bmy pielgrzymami nadziei.<\/strong><\/span><\/p>\n<p><span style=\"color: #000000;\">W czasach biblijnych Lud Izraela co pi\u0119\u0107dziesi\u0105t lat prze\u017cywa\u0142 specjalny rok \u2013 ka\u017cdy d\u0142u\u017cnik by\u0142 uwalniany ze swych zobowi\u0105za\u0144, odzyskiwa\u0142 swoj\u0105 dawn\u0105 w\u0142asno\u015b\u0107, a je\u015bli wcze\u015bniej sta\u0142 si\u0119 czyim\u015b niewolnikiem \u2013 w roku jubileuszowym odzyskiwa\u0142 wolno\u015b\u0107. Prawdziwy \u201crok \u0142aski\u201d zacz\u0105\u0142 Jezus z Nazaretu, Bo\u017cy Syn (por. \u0141k 4, 16-21). Dlatego Ko\u015bci\u00f3\u0142 og\u0142asza lata jubileuszowe \u2013 jako czas odnowy, nawr\u00f3cenia, wyzwolenia cz\u0142owieka z wi\u0119z\u00f3w grzechu i jego konsekwencji oraz innych przemo\u017cnych si\u0142.<\/span><\/p>\n<p><span style=\"color: #000000;\">To daje nadziej\u0119. Ona przewodzi nam w roku jubileuszowym 2025, kt\u00f3remu papie\u017c Franciszek da\u0142 has\u0142o \u201cPielgrzymi nadziei\u201d.<\/span><\/p>\n<p><span style=\"color: #000000;\"><strong>Ko\u015bcio\u0142y jubileuszowe<br \/>\n<\/strong><\/span><\/p>\n<p><span style=\"color: #000000;\">W diecezji jest kilkadziesi\u0105t ko\u015bcio\u0142\u00f3w jubileuszowych. To miejsca, w kt\u00f3rych wierni b\u0119d\u0105 mogli uzyska\u0107 tu \u0142ask\u0119 odpustu (wed\u0142ug dekretu Penitencjarii Apostolskiej z dnia 13 maja 2024 r.) oraz \u201enapi\u0107 si\u0119 ze \u017ar\u00f3de\u0142 nadziei, przede wszystkim przyst\u0119puj\u0105c do sakramentu pokuty, niezast\u0105pionego punktu wyj\u015bcia dla prawdziwej drogi nawr\u00f3cenia\u201d (\u201eSpes non confundit\u201d, nr 5). Sprawowany b\u0119dzie tu sakrament pokuty i pojednania, ale w szerokim kontek\u015bcie formacyjnym: pi\u0119kna, godna i przyst\u0119pna liturgia pokutna, katechezy tematyczne oraz adoracja Naj\u015bwi\u0119tszego Sakramentu.<\/span><\/p>\n<p><span style=\"color: #000000;\"><strong>Znaki nadziei<\/strong><\/span><\/p>\n<p><span style=\"color: #000000;\">Papie\u017c Franciszek podkre\u015bla w bulli, by Ko\u015bci\u00f3\u0142 dawa\u0142 \u015bwiadectwo obecno\u015bci Boga przez ukazanie \u201eznak\u00f3w nadziei\u201d (\u201eSpes non confundit\u201d, nr 7). Zwi\u0105zane s\u0105 one z pokojem, ludzkim \u017cyciem, z wi\u0119\u017aniami, chorymi, m\u0142odzie\u017c\u0105, migrantami, osobami starszymi i ubogimi. Na \u201emapie diecezji\u201d te znaki nadziei istniej\u0105 \u2013 to liczne miejsca, gdzie jako przyjaciele Jezusa dzielimy si\u0119 sw\u0105 nadziej\u0105 z chorymi, samotnymi, wi\u0119\u017aniami, osobami uzale\u017cnionymi, migrantami.<\/span><\/p>\n<div dir=\"auto\"><span style=\"color: #000000;\"><b>Szlaki nadziei<br \/>\n<\/b><\/span><\/div>\n<div dir=\"auto\">&nbsp;<\/div>\n<div dir=\"auto\"><span style=\"color: #000000;\">Ko\u015bcio\u0142y, kaplice i znaki nadziei zosta\u0142y po\u0142\u0105czone w osiem \u201cSzlak\u00f3w nadziei\u201d. To propozycje tras d\u0142ugich na kilka lub kilkaset kilometr\u00f3w, kt\u00f3rym patronuj\u0105 \u015bwi\u0119ci lub osoby wa\u017cne dla historii wroc\u0142awskiego Ko\u015bcio\u0142a. Do ka\u017cdego szlaku przypisane s\u0105 tre\u015bci duchowe, m.in. fragmenty Biblii do rozwa\u017cania. B\u0119dzie mo\u017cna przej\u015b\u0107 Szlak m\u0142odych z ks. Aleksandrem Zienkiewiczem lub Szlak pojednania z kard. Kominkiem.<\/span><\/div>\n<div dir=\"auto\">&nbsp;<\/div>\n<div dir=\"auto\">\n<div dir=\"auto\"><span style=\"color: #000000;\"><b>Paszport pielgrzyma<br \/>\n<\/b><\/span><\/div>\n<div dir=\"auto\">&nbsp;<\/div>\n<div dir=\"auto\"><span style=\"color: #000000;\">Pielgrzymi w\u0119druj\u0105cy szlakami nadziei b\u0119d\u0105 mogli zbiera\u0107 piecz\u0105tki do paszportu papierowego lub cyfrowego. Paszport papierowy b\u0119dzie mo\u017cna otrzyma\u0107 w dniu otwarcia Roku Jubileuszowego 29.12.2024, a po otwarciu zakupi\u0107 w Ksi\u0119garni Archidiecezjalnej lub w katedrze. Paszport cyfrowy od 29.12.2024 b\u0119dzie dost\u0119pne na stronie: <a style=\"color: #000000;\" href=\"http:\/\/www.pielgrzyminadziei.pl\" target=\"_blank\" rel=\"noopener\" data-saferedirecturl=\"https:\/\/www.google.com\/url?q=http:\/\/www.pielgrzyminadziei.pl&amp;source=gmail&amp;ust=1733692993599000&amp;usg=AOvVaw0Vx8XqOY9xNyvQwRdV3j2d\"><span style=\"color: #0000ff;\">www.pielgrzyminadziei.pl.<\/span><\/a><\/span><\/div>\n<\/div>\n<div dir=\"auto\">Zapraszamy na Facebooka \u201c<a href=\"https:\/\/www.facebook.com\/profile.php?id=61570727216689\">Szlaki nadziei\u201d.<\/a><\/div>\n","protected":false},"excerpt":{"rendered":"<p>O Roku Jubileuszowym, synodzie i nawr\u00f3cenie Prze\u017cycie Roku Jubileuszowego 2025 \u201ePielgrzymi nadziei\u201d jest jednym z cel\u00f3w Synodu Archidiecezji Wroc\u0142awskiej o nawr\u00f3ceniu i odnowie \u017cycia Ko\u015bcio\u0142a. Chcemy prze\u017cy\u0107 ten rok, uczestnicz\u0105c w wydarzeniach centralnych oraz pielgrzymuj\u0105c po drogach naszej archidiecezji do ko\u015bcio\u0142\u00f3w i kaplic jubileuszowych oraz tzw. \u201cznak\u00f3w nadziei\u201d, czyli miejsc, w kt\u00f3rych dokonuje si\u0119 konkretne,&hellip; <br \/> <a class=\"read-more\" href=\"https:\/\/nspj.wroclaw.pl\/new\/rok-jubileuszowy-2025-pielgrzymi-nadziei-w-archidiecezji-wroclawskiej\/\">Dowiedz si\u0119 wi\u0119cej<\/a><\/p>\n","protected":false},"author":1,"featured_media":8797,"comment_status":"closed","ping_status":"closed","sticky":false,"template":"","format":"standard","meta":{"ngg_post_thumbnail":0,"footnotes":""},"categories":[1],"tags":[],"class_list":["post-8796","post","type-post","status-publish","format-standard","has-post-thumbnail","hentry","category-aktualnosci"],"aioseo_notices":[],"_links":{"self":[{"href":"https:\/\/nspj.wroclaw.pl\/new\/wp-json\/wp\/v2\/posts\/8796","targetHints":{"allow":["GET"]}}],"collection":[{"href":"https:\/\/nspj.wroclaw.pl\/new\/wp-json\/wp\/v2\/posts"}],"about":[{"href":"https:\/\/nspj.wroclaw.pl\/new\/wp-json\/wp\/v2\/types\/post"}],"author":[{"embeddable":true,"href":"https:\/\/nspj.wroclaw.pl\/new\/wp-json\/wp\/v2\/users\/1"}],"replies":[{"embeddable":true,"href":"https:\/\/nspj.wroclaw.pl\/new\/wp-json\/wp\/v2\/comments?post=8796"}],"version-history":[{"count":3,"href":"https:\/\/nspj.wroclaw.pl\/new\/wp-json\/wp\/v2\/posts\/8796\/revisions"}],"predecessor-version":[{"id":8805,"href":"https:\/\/nspj.wroclaw.pl\/new\/wp-json\/wp\/v2\/posts\/8796\/revisions\/8805"}],"wp:featuredmedia":[{"embeddable":true,"href":"https:\/\/nspj.wroclaw.pl\/new\/wp-json\/wp\/v2\/media\/8797"}],"wp:attachment":[{"href":"https:\/\/nspj.wroclaw.pl\/new\/wp-json\/wp\/v2\/media?parent=8796"}],"wp:term":[{"taxonomy":"category","embeddable":true,"href":"https:\/\/nspj.wroclaw.pl\/new\/wp-json\/wp\/v2\/categories?post=8796"},{"taxonomy":"post_tag","embeddable":true,"href":"https:\/\/nspj.wroclaw.pl\/new\/wp-json\/wp\/v2\/tags?post=8796"}],"curies":[{"name":"wp","href":"https:\/\/api.w.org\/{rel}","templated":true}]}}