{"id":8752,"date":"2024-12-18T23:40:03","date_gmt":"2024-12-18T22:40:03","guid":{"rendered":"https:\/\/nspj.wroclaw.pl\/new\/?p=8752"},"modified":"2024-12-21T19:03:45","modified_gmt":"2024-12-21T18:03:45","slug":"kiermasz-ozdob-bozonarodzeniowych-22-12-2024","status":"publish","type":"post","link":"https:\/\/nspj.wroclaw.pl\/new\/kiermasz-ozdob-bozonarodzeniowych-22-12-2024\/","title":{"rendered":"Kiermasz Ozd\u00f3b Bo\u017conarodzeniowych 22.12.2024"},"content":{"rendered":"<p><span style=\"color: #000000;\">Grupa teatralno-artystyczna dzia\u0142aj\u0105ca przy naszej parafii, zaprasza na doroczny kiermasz ozd\u00f3b Bo\u017conarodzeniowych, kt\u00f3ry rozpocznie si\u0119 ju\u017c w <strong>sobot\u0119 21 grudnia po Eucharystii o godz. 18:00 i potrwa przez ca\u0142\u0105 niedziele 22 grudnia po ka\u017cdej Mszy \u015awi\u0119tej<\/strong>. Zapraszamy do odwiedzenia naszego stoiska przed Ko\u015bcio\u0142em, a przy nie sprzyjaj\u0105cej pogodzie w Auli Domu Parafialnego. Serdecznie zach\u0119camy do skorzystania z przygotowanej oferty. Doch\u00f3d z kiermaszu w ca\u0142o\u015bci zostanie przeznaczony na rozw\u00f3j naszej grupy. Naszym pragnieniem jest sfinansowanie dzieciom nale\u017c\u0105cym do grupy warsztat\u00f3w min. z emisji g\u0142osu, teatrologii, dykcji oraz wyj\u015b\u0107 i spotka\u0144 integracyjnych.<\/span><\/p>\n<p><span style=\"color: #000000;\">Nasza grupa jest przede wszystkim grup\u0105 zaanga\u017cowanych Rodzin. Na dzie\u0144 dzisiejszy jest nas 17 rodzin. Dzieci i m\u0142odzie\u017c to grupa 40 os\u00f3b. <\/span><span style=\"color: #000000;\">W ci\u0105gu roku czynnie w\u0142\u0105czamy si\u0119 w \u017cycie parafii organizuj\u0105c min. warsztaty Wielkanocne (Bo\u017cy Gr\u00f3b), Dzie\u0144 Rodziny, warsztaty Adwentowe (wieniec Adwentowy), Biesiada Patriotyczna z ok 11 listopada, wsp\u00f3\u0142organizowanie Miko\u0142aja, &nbsp;Jase\u0142ka.<\/span><\/p>\n<p><span style=\"color: #000000;\">Je\u015bli ktokolwiek chcia\u0142by bli\u017cej nas pozna\u0107, a przy okazji pom\u00f3c w przygotowaniu kiermaszu zapraszamy w pi\u0105tek 20.12.2024 od godz. 17.00 do Auli Domu Parafialnego.<\/span><\/p>\n<p><span style=\"color: #000000;\">W zesz\u0142ym roku doch\u00f3d z kiermaszu w ca\u0142o\u015bci zosta\u0142 przeznaczony na zakup sprz\u0119tu nag\u0142o\u015bnieniowego. Dzi\u0119ki wsparciu Klubu Turystycznego, wsp\u00f3lnocie \u201e Dom Na Skale\u201d oraz \u015brodkom zgromadzonym przy okazji kiermaszu zakupiony zosta\u0142 na potrzeby parafii sprz\u0119t nag\u0142o\u015bnieniowy o warto\u015bci ok 8 tys. z\u0142.<\/span><\/p>\n<p><span style=\"color: #000000;\">Bardzo dzi\u0119kujemy za wsparcie w roku poprzednim i zach\u0119camy do wsparcia nas 22 grudnia (niedziela) poprzez zakup ozd\u00f3b na Kiermaszu Bo\u017conarodzeniowym.<\/span><\/p>\n<p>&nbsp;<\/p>\n<p>&nbsp;<\/p>\n","protected":false},"excerpt":{"rendered":"<p>Grupa teatralno-artystyczna dzia\u0142aj\u0105ca przy naszej parafii, zaprasza na doroczny kiermasz ozd\u00f3b Bo\u017conarodzeniowych, kt\u00f3ry rozpocznie si\u0119 ju\u017c w sobot\u0119 21 grudnia po Eucharystii o godz. 18:00 i potrwa przez ca\u0142\u0105 niedziele 22 grudnia po ka\u017cdej Mszy \u015awi\u0119tej. Zapraszamy do odwiedzenia naszego stoiska przed Ko\u015bcio\u0142em, a przy nie sprzyjaj\u0105cej pogodzie w Auli Domu Parafialnego. Serdecznie zach\u0119camy do&hellip; <br \/> <a class=\"read-more\" href=\"https:\/\/nspj.wroclaw.pl\/new\/kiermasz-ozdob-bozonarodzeniowych-22-12-2024\/\">Dowiedz si\u0119 wi\u0119cej<\/a><\/p>\n","protected":false},"author":1,"featured_media":8753,"comment_status":"closed","ping_status":"closed","sticky":false,"template":"","format":"standard","meta":{"ngg_post_thumbnail":0,"footnotes":""},"categories":[1],"tags":[],"class_list":["post-8752","post","type-post","status-publish","format-standard","has-post-thumbnail","hentry","category-aktualnosci"],"aioseo_notices":[],"_links":{"self":[{"href":"https:\/\/nspj.wroclaw.pl\/new\/wp-json\/wp\/v2\/posts\/8752","targetHints":{"allow":["GET"]}}],"collection":[{"href":"https:\/\/nspj.wroclaw.pl\/new\/wp-json\/wp\/v2\/posts"}],"about":[{"href":"https:\/\/nspj.wroclaw.pl\/new\/wp-json\/wp\/v2\/types\/post"}],"author":[{"embeddable":true,"href":"https:\/\/nspj.wroclaw.pl\/new\/wp-json\/wp\/v2\/users\/1"}],"replies":[{"embeddable":true,"href":"https:\/\/nspj.wroclaw.pl\/new\/wp-json\/wp\/v2\/comments?post=8752"}],"version-history":[{"count":7,"href":"https:\/\/nspj.wroclaw.pl\/new\/wp-json\/wp\/v2\/posts\/8752\/revisions"}],"predecessor-version":[{"id":8756,"href":"https:\/\/nspj.wroclaw.pl\/new\/wp-json\/wp\/v2\/posts\/8752\/revisions\/8756"}],"wp:featuredmedia":[{"embeddable":true,"href":"https:\/\/nspj.wroclaw.pl\/new\/wp-json\/wp\/v2\/media\/8753"}],"wp:attachment":[{"href":"https:\/\/nspj.wroclaw.pl\/new\/wp-json\/wp\/v2\/media?parent=8752"}],"wp:term":[{"taxonomy":"category","embeddable":true,"href":"https:\/\/nspj.wroclaw.pl\/new\/wp-json\/wp\/v2\/categories?post=8752"},{"taxonomy":"post_tag","embeddable":true,"href":"https:\/\/nspj.wroclaw.pl\/new\/wp-json\/wp\/v2\/tags?post=8752"}],"curies":[{"name":"wp","href":"https:\/\/api.w.org\/{rel}","templated":true}]}}