{"id":8280,"date":"2024-08-03T14:54:45","date_gmt":"2024-08-03T12:54:45","guid":{"rendered":"https:\/\/nspj.wroclaw.pl\/new\/?p=8280"},"modified":"2024-08-03T21:27:25","modified_gmt":"2024-08-03T19:27:25","slug":"44-piesza-pielgrzymka-wroclawska-na-jasna-gore","status":"publish","type":"post","link":"https:\/\/nspj.wroclaw.pl\/new\/44-piesza-pielgrzymka-wroclawska-na-jasna-gore\/","title":{"rendered":"44 Piesza Pielgrzymka Wroc\u0142awska na Jasn\u0105 G\u00f3r\u0119"},"content":{"rendered":"<div class=\"et_pb_row et_pb_row_2\">\n<div class=\"et_pb_column et_pb_column_4_4 et_pb_column_2 et_pb_css_mix_blend_mode_passthrough et-last-child\">\n<div class=\"et_pb_module et_pb_text et_pb_text_3 et_pb_text_align_left et_pb_bg_layout_light\">\n<div class=\"et_pb_text_inner\">\n<p><span style=\"color: #000000;\">44 Piesza Pielgrzymka Wroc\u0142awska odb\u0119dzie si\u0119 od 3 do 10 sierpnia 2024 r. Rozpocznie si\u0119 w Msz\u0105 \u015awi\u0119t\u0105 w Archikatedrze Wroc\u0142awskiej w sobot\u0119 3 sierpnia o godzinie 6:00. Zako\u0144czy si\u0119 w sobot\u0119 10 sierpnia wej\u015bciem przed obraz Naj\u015bwi\u0119tszej Maryi Panny Cz\u0119stochowskiej o godzinie 14:30 i Msz\u0105 \u015awi\u0119t\u0105 na wa\u0142ach Jasnej G\u00f3ry o godzinie 16:00. Na trasie zosta\u0142y przewidziane noclegi w Trzebnicy, Ole\u015bnicy, Namys\u0142owie, Wierzbicy G\u00f3rnej, Kluczborku, Borkach Wielkich i w miejscowo\u015bci Jezioro. Ka\u017cdego dnia jest przewidziana Msza \u015awi\u0119ta oraz postoje po pokonaniu wyznaczonych odcink\u00f3w trasy pielgrzymki.<\/span><\/p>\n<p><a href=\"https:\/\/bit.ly\/trasa_44PPW\">[Wi\u0119cej informacji o trasie 44. PPW] \u2013 bit.ly\/trasa_44PPW<\/a><\/p>\n<p><a href=\"https:\/\/pielgrzymka.pl\/grupy-pielgrzymkowe\/\">[Wi\u0119cej informacji o grupach pielgrzymkowych] \u2013&nbsp; pielgrzymka.pl\/grupy-pielgrzymkowe\/<\/a><\/p>\n<p><span style=\"color: #000000;\">Istnieje mo\u017cliwo\u015b\u0107 uczestnictwa w ca\u0142ej pielgrzymce w wymiarze o\u015bmiu dni lub jedynie w cz\u0119\u015bci pielgrzymki w wybranych przez siebie dniach. Aby wzi\u0105\u0107 udzia\u0142 w 44. Pieszej Pielgrzymce Wroc\u0142awskiej, nale\u017cy spe\u0142ni\u0107 okre\u015blone warunki.<\/span><\/p>\n<p><span style=\"color: #000000;\">W razie pyta\u0144 prosimy o kontak<\/span>t <a href=\"mailto:biuro@pielgrzymka.pl\">biuro@pielgrzymka.pl<\/a><\/p>\n<div id=\"zaproszenie\" class=\"et_pb_section et_pb_section_1 et_section_regular\">\n<div class=\"et_pb_row et_pb_row_1\">\n<div class=\"et_pb_column et_pb_column_4_4 et_pb_column_1 et_pb_css_mix_blend_mode_passthrough et-last-child\">\n<div class=\"et_pb_module et_pb_text et_pb_text_2 et_pb_text_align_left et_pb_bg_layout_light\">\n<div class=\"et_pb_text_inner\">\n<h3>&nbsp;<\/h3>\n<h3><span style=\"color: #000000;\">Zaproszenie do duchowego pielgrzymowania<\/span><\/h3>\n<p>&nbsp;<br \/>\n<iframe loading=\"lazy\" title=\"YouTube video player\" src=\"https:\/\/www.youtube.com\/embed\/zl829Jx9eNY?si=6hy5WrhZu9iI7rq3\" width=\"560\" height=\"315\" frameborder=\"0\" allowfullscreen=\"allowfullscreen\"><\/iframe><\/p>\n<\/div>\n<\/div>\n<\/div>\n<\/div>\n<div class=\"et_pb_row et_pb_row_2\">\n<div class=\"et_pb_column et_pb_column_4_4 et_pb_column_2 et_pb_css_mix_blend_mode_passthrough et-last-child\">\n<div class=\"fluid-width-video-wrapper\">&nbsp;<\/div>\n<\/div>\n<\/div>\n<\/div>\n<div id=\"jak-pielgrzymowac-duchowo\" class=\"et_pb_section et_pb_section_2 et_section_regular\">\n<div class=\"et_pb_row et_pb_row_3\">\n<div class=\"et_pb_column et_pb_column_4_4 et_pb_column_3 et_pb_css_mix_blend_mode_passthrough et-last-child\">\n<div id=\"duchowe\" class=\"et_pb_module et_pb_text et_pb_text_3 et_pb_text_align_left et_pb_bg_layout_light\">\n<div class=\"et_pb_text_inner\">\n<h4><span style=\"color: #000000;\">Jak pielgrzymowa\u0107 duchowo?<\/span><\/h4>\n<\/div>\n<\/div>\n<\/div>\n<\/div>\n<div class=\"et_pb_row et_pb_row_4\">\n<div class=\"et_pb_column et_pb_column_4_4 et_pb_column_4 et_pb_css_mix_blend_mode_passthrough et-last-child\">\n<div class=\"et_pb_module et_pb_text et_pb_text_4 et_pb_text_align_left et_pb_bg_layout_light\">\n<div class=\"et_pb_text_inner\">\n<p><span style=\"color: #000000;\"><strong>Dobry pocz\u0105tek<\/strong><\/span><\/p>\n<p><span style=\"color: #000000;\">Jak to zawsze przed pielgrzymk\u0105 czy to piesz\u0105 czy duchow\u0105 potrzebna jest decyzja. To wa\u017cny element zanim wyrusz\u0119 w drog\u0119, bo pielgrzymka do wydarzenie duchowe, kt\u00f3re trzeba podj\u0105\u0107 \u015bwiadomie i z pog\u0142\u0119bion\u0105 refleksj\u0105. To nie powinno mie\u0107 miejsca ot tak, \u017ce \u201eid\u0119 bo zawsze chodz\u0119\u201d lub \u201eto jest moja forma sp\u0119dzania wolnego czasu\u201d. Potrzeba rozwa\u017cenia i decyzji, aby ka\u017cdy moment pielgrzymowania by\u0142 p\u00f3\u017aniej w\u0142a\u015bciwie prze\u017cywany i odbierany. Na pocz\u0105tku wi\u0119c polecam modlitw\u0119, rozmow\u0119 z Bogiem o pomy\u015ble wyruszenia, rozeznanie czy to jest dla mnie, czy na ten moment, czy samemu czy z kim\u015b \u2013 i decyzj\u0119. Tak, chc\u0119, wyruszam. I id\u0119\u2026 przez Maryj\u0119 do Jezusa.<\/span><\/p>\n<p><span style=\"color: #000000;\"><strong>Co jest potrzebne?<\/strong><\/span><\/p>\n<p><span style=\"color: #000000;\">Gdy ju\u017c wiem, \u017ce pielgrzymka jest przede mn\u0105 i chc\u0119 wzi\u0105\u0107 w niej udzia\u0142, zg\u0142aszam sw\u00f3j udzia\u0142 u duszpasterzy w swojej parafii i pobieram materia\u0142y potrzebne do dobrego duchowego prze\u017cywania pielgrzymki,&nbsp;<\/span><\/p>\n<p><span style=\"color: #000000;\"><strong>Przed wyruszeniem<\/strong><\/span><\/p>\n<p><span style=\"color: #000000;\">Zanim zacznie si\u0119 pielgrzymka potrzebna jest intencja. Pielgrzymka jest form\u0105 ofiary i wa\u017cne jest by nada\u0107 tej ofierze sens, czyli intencj\u0119. Mo\u017ce to by\u0107 modlitwa za siebie lub kogo\u015b innego, mo\u017ce to by\u0107 pokuta za swoje grzechy lub grzechy innych os\u00f3b, mo\u017ce by\u0107 pro\u015bb\u0105 by \u0142aska Bo\u017ca dotkn\u0119\u0142a kogo\u015b kto jest daleko od Niego, za rodzic\u00f3w, za dzieci, o prac\u0119, mo\u017ce to by\u0107 tak\u017ce pragnienie zado\u015b\u0107uczynienia lub wynagrodzenia.<\/span><\/p>\n<p><span style=\"color: #000000;\"><strong>Prze\u017cywanie wsp\u00f3lnotowe<\/strong><\/span><\/p>\n<p><span style=\"color: #000000;\">Mimo \u017ce pielgrzymowanie ma wymiar duchowy to jest te\u017c wydarzeniem wsp\u00f3lnotowym, nie jeste\u015bmy w tej drodze sami. Wielu z nas niestety sp\u0119dzi czas pielgrzymki na modlitwie we w\u0142asnym domu ze wzgl\u0119du na stan zdrowia, wielu jednak, cho\u0107 nie mog\u0105 wyruszy\u0107 na szlak, da rad\u0119 podjecha\u0107 tramwajem lub autobusem w jedno miejsce, a to sprawia, \u017ce mo\u017cemy t\u0119 pielgrzymk\u0119 prze\u017cywa\u0107 tak\u017ce wsp\u00f3lnotowo. I do tego bardzo zach\u0119cam.<\/span><\/p>\n<p><span style=\"color: #000000;\"><strong>Co? Gdzie? Kiedy?<\/strong><\/span><\/p>\n<p><span style=\"color: #000000;\">Msza \u015awi\u0119ta w Archikatedrze Wroc\u0142awskiej na rozpocz\u0119cie pielgrzymki w sobot\u0119 3 sierpnia o godz. 6:00.<\/span><\/p>\n<p><span style=\"color: #000000;\">W czasie duchowej pielgrzymki centralnym miejscem naszych spotka\u0144 i wsp\u00f3lnych modlitw b\u0119dzie Sanktuarium Jasnog\u00f3rskiej Matki Ko\u015bcio\u0142a \u2013 Ko\u015bci\u00f3\u0142 Paulin\u00f3w przy ul. \u015bw. Antoniego 30 we Wroc\u0142awiu. To wa\u017cne i symboliczne miejsce dla ka\u017cdego pielgrzyma. To przecie\u017c wroc\u0142awska Jasna G\u00f3ra, wi\u0119c najlepsze miejsce, by codziennie zwraca\u0107 si\u0119 do Maryi \u2013 tej z Jasnej G\u00f3ry, kt\u00f3rej powierzamy nasze intencje i sprawy.<\/span><\/p>\n<p><span style=\"color: #000000;\">Ko\u015bci\u00f3\u0142 jest codziennie otwarty od rana do wieczora, wi\u0119c mo\u017cna przyj\u015b\u0107 i w obecno\u015bci Maryi i przez Jej wstawiennictwo zwraca\u0107 si\u0119 do Boga. Mo\u017cna tak\u017ce skorzysta\u0107 z sakramentu spowiedzi od poniedzia\u0142ku do pi\u0105tku w godzinach 15:00-18:00 oraz dodatkowo w czwartek 19:00-22:00. Ka\u017cdego dnia pielgrzymki zapraszam na wsp\u00f3ln\u0105 modlitw\u0119 o godz. 20:00 w Sanktuarium Jasnog\u00f3rskiej Matki Ko\u015bcio\u0142a:<\/span><\/p>\n<ul>\n<li><span style=\"color: #000000;\">20:00 \u2013 adoracja Naj\u015bwi\u0119tszego Sakramentu, czas na czytanie i refleksj\u0119 nad s\u0142owem Bo\u017cym przeznaczonym na ka\u017cdy dzie\u0144, czas na zapisanie intencji i z\u0142o\u017cenie ich w st\u0105gwi na o\u0142tarzu Matki Bo\u017cej, wed\u0142ug opisu z Kany Galilejskiej nape\u0142nimy je wod\u0105 naszych spraw i intencji i zaniesiemy je (a konkretnie zawieziemy) na Jasn\u0105 G\u00f3r\u0119, by z\u0142o\u017cy\u0107 je u Tronu Matki, licz\u0105c, \u017ce Jezus wszystkimi si\u0119 zajmie;<\/span><\/li>\n<li><span style=\"color: #000000;\">20:30 \u2013 wsp\u00f3lny r\u00f3\u017caniec, podczas kt\u00f3rego b\u0119dziemy poleca\u0107 intencje pielgrzym\u00f3w pieszych oraz duchowych;<\/span><\/li>\n<li><span style=\"color: #000000;\">21:00 \u2013 apel Jasnog\u00f3rski na zako\u0144czenie dnia pielgrzymki z rozwa\u017caniem ojca paulina.<\/span><\/li>\n<\/ul>\n<p><span style=\"color: #000000;\">Wyjazd autokarowy na Jasn\u0105 Gor\u0119 10 sierpnia, by razem z pielgrzymami pieszymi wej\u015b\u0107 na Jasn\u0105 G\u00f3r\u0119 i z\u0142o\u017cy\u0107 st\u0105gwie z intencjami pielgrzym\u00f3w duchowych. Msza \u015bw. na Wa\u0142ach Jasnog\u00f3rskich i po jej zako\u0144czeniu powr\u00f3t do Wroc\u0142awia.&nbsp;<\/span><\/p>\n<p><span style=\"color: #000000;\"><strong>Prze\u017cywanie indywidualne<\/strong><\/span><\/p>\n<p><span style=\"color: #000000;\">Ka\u017cdy z duchowych pielgrzym\u00f3w b\u0119dzie mia\u0142 tak\u017ce sw\u00f3j w\u0142asny spos\u00f3b prze\u017cywania tych dni i indywidualne formy modlitwy. Pami\u0119tajmy o charakterze pokutnym naszego duchowego pielgrzymowania. To okazja do umartwienia, pokuta czy jakiego\u015b wyrzeczenia, oczywi\u015bcie w spos\u00f3b roztropnie dopasowany do w\u0142asnych mo\u017cliwo\u015bci zdrowotnych.<\/span><\/p>\n<p><span style=\"color: #000000;\">Ka\u017cdego dnia b\u0119d\u0105 si\u0119 pojawia\u0142y relacje ze szlaku pielgrzymki w mediach spo\u0142eczno\u015bciowych w internecie, a na antenie Radia Rodzina (92.0 FM) b\u0119d\u0105 codzienne audycje przeznaczone dla pielgrzym\u00f3w duchowych w godz. 13:10-14:00 oraz 20.30-21.00.<\/span><\/p>\n<p><span style=\"color: #000000;\">Pami\u0119tajmy, by swoj\u0105 modlitw\u0105 i wyrzeczeniem obj\u0105\u0107 ca\u0142y Ko\u015bci\u00f3\u0142 oraz Archidiecezj\u0119 Wroc\u0142awsk\u0105.<\/span><\/p>\n<p><span style=\"color: #000000;\"><strong>Wszyscy jeste\u015bmy pielgrzymami<\/strong><\/span><\/p>\n<p><span style=\"color: #000000;\">P\u00f3ki jeste\u015bmy na ziemi, jeste\u015bmy Ko\u015bcio\u0142em pielgrzymuj\u0105cym, uczymy si\u0119 pok\u0142ada\u0107 ufno\u015b\u0107 w Bogu, przechodzi\u0107 trudno\u015bci \u017cyciowe, budowa\u0107 wzajemne relacje i tworzy\u0107 wsp\u00f3lnot\u0119 oraz z nadziej\u0105 wygl\u0105da\u0107 w przysz\u0142o\u015b\u0107, o kt\u00f3r\u0105 zatroszczy si\u0119 B\u00f3g.<\/span><\/p>\n<p><span style=\"color: #000000;\">Niech Was B\u00f3g prowadzi.<\/span><\/p>\n<p><span style=\"color: #000000;\">o. Tomasz Chmielewski, paulin<\/span><\/p>\n<\/div>\n<\/div>\n<\/div>\n<\/div>\n<\/div>\n<\/div>\n<\/div>\n<\/div>\n<\/div>\n","protected":false},"excerpt":{"rendered":"<p>44 Piesza Pielgrzymka Wroc\u0142awska odb\u0119dzie si\u0119 od 3 do 10 sierpnia 2024 r. Rozpocznie si\u0119 w Msz\u0105 \u015awi\u0119t\u0105 w Archikatedrze Wroc\u0142awskiej w sobot\u0119 3 sierpnia o godzinie 6:00. Zako\u0144czy si\u0119 w sobot\u0119 10 sierpnia wej\u015bciem przed obraz Naj\u015bwi\u0119tszej Maryi Panny Cz\u0119stochowskiej o godzinie 14:30 i Msz\u0105 \u015awi\u0119t\u0105 na wa\u0142ach Jasnej G\u00f3ry o godzinie 16:00. Na&hellip; <br \/> <a class=\"read-more\" href=\"https:\/\/nspj.wroclaw.pl\/new\/44-piesza-pielgrzymka-wroclawska-na-jasna-gore\/\">Dowiedz si\u0119 wi\u0119cej<\/a><\/p>\n","protected":false},"author":1,"featured_media":8281,"comment_status":"closed","ping_status":"closed","sticky":false,"template":"","format":"standard","meta":{"ngg_post_thumbnail":0,"footnotes":""},"categories":[1],"tags":[],"class_list":["post-8280","post","type-post","status-publish","format-standard","has-post-thumbnail","hentry","category-aktualnosci"],"aioseo_notices":[],"_links":{"self":[{"href":"https:\/\/nspj.wroclaw.pl\/new\/wp-json\/wp\/v2\/posts\/8280","targetHints":{"allow":["GET"]}}],"collection":[{"href":"https:\/\/nspj.wroclaw.pl\/new\/wp-json\/wp\/v2\/posts"}],"about":[{"href":"https:\/\/nspj.wroclaw.pl\/new\/wp-json\/wp\/v2\/types\/post"}],"author":[{"embeddable":true,"href":"https:\/\/nspj.wroclaw.pl\/new\/wp-json\/wp\/v2\/users\/1"}],"replies":[{"embeddable":true,"href":"https:\/\/nspj.wroclaw.pl\/new\/wp-json\/wp\/v2\/comments?post=8280"}],"version-history":[{"count":5,"href":"https:\/\/nspj.wroclaw.pl\/new\/wp-json\/wp\/v2\/posts\/8280\/revisions"}],"predecessor-version":[{"id":8289,"href":"https:\/\/nspj.wroclaw.pl\/new\/wp-json\/wp\/v2\/posts\/8280\/revisions\/8289"}],"wp:featuredmedia":[{"embeddable":true,"href":"https:\/\/nspj.wroclaw.pl\/new\/wp-json\/wp\/v2\/media\/8281"}],"wp:attachment":[{"href":"https:\/\/nspj.wroclaw.pl\/new\/wp-json\/wp\/v2\/media?parent=8280"}],"wp:term":[{"taxonomy":"category","embeddable":true,"href":"https:\/\/nspj.wroclaw.pl\/new\/wp-json\/wp\/v2\/categories?post=8280"},{"taxonomy":"post_tag","embeddable":true,"href":"https:\/\/nspj.wroclaw.pl\/new\/wp-json\/wp\/v2\/tags?post=8280"}],"curies":[{"name":"wp","href":"https:\/\/api.w.org\/{rel}","templated":true}]}}