{"id":7831,"date":"2024-04-08T21:47:36","date_gmt":"2024-04-08T19:47:36","guid":{"rendered":"https:\/\/nspj.wroclaw.pl\/new\/?p=7831"},"modified":"2024-04-13T21:53:59","modified_gmt":"2024-04-13T19:53:59","slug":"diecezjalny-dzien-skupienia-dla-kobiet","status":"publish","type":"post","link":"https:\/\/nspj.wroclaw.pl\/new\/diecezjalny-dzien-skupienia-dla-kobiet\/","title":{"rendered":"Diecezjalny Dzie\u0144 Skupienia dla Kobiet"},"content":{"rendered":"<p><span style=\"color: #000000;\">Synod zaczyna si\u0119 od spotkania: ze sob\u0105, z drugim cz\u0142owiekiem, z Bogiem. Jest czasem s\u0142uchania i m\u00f3wienia, odkrywania tego, do czego dzi\u015b zaprasza nas Pan Jezus i odpowiadania na Jego g\u0142os. W ramach przygotowa\u0144 do synodu prze\u017cyjemy Diecezjalny Dzie\u0144 Skupienia dla Kobiet. Czas spotkania i odkrywania siebie, swoich \u017cyciowych zada\u0144 i miejsca w Ko\u015bciele. Dzie\u0144 skupienia odb\u0119dzie si\u0119 <strong>20 kwietnia 2024 r.<\/strong> w Ko\u015bciele NMP na Piasku we Wroc\u0142awiu. B\u0119d\u0105 nas prowadzi\u0107 s\u0142owa z Ewangelii \u015bw. \u0141ukasza: \u201eSzcz\u0119\u015bliwa, kt\u00f3ra uwierzy\u0142a&#8221;. Przyjrzymy si\u0119 spotkaniu dw\u00f3ch kobiet: rozpoczynaj\u0105cej doros\u0142e \u017cycie Maryi i maj\u0105cej ju\u017c za sob\u0105 wiele do\u015bwiadcze\u0144 El\u017cbiety. \u0141\u0105czy je nadzieja i odwaga wychodzenia naprzeciw szcz\u0119\u015bciu.<\/span><\/p>\n<p><span style=\"color: #000000;\">O GENIUSZU KOBIETY i bogactwie, kt\u00f3re nosimy w sobie oraz o tym, jak si\u0119 o nie troszczy\u0107, opowie nam p. Beata Jakoniuk &#8211; Wojcieszak.<\/span><\/p>\n<p><span style=\"color: #000000;\">W drodze b\u0119d\u0105 nam towarzyszy\u0107 ks. bp Jacek Kici\u0144ski i ks. bp Maciej Ma\u0142yga. Spotkanie zako\u0144czy Eucharystia pod przewodnictwem ks. abp. J\u00f3zefa Kupnego.<\/span><\/p>\n<p>&nbsp;<\/p>\n<p><span style=\"color: #000000;\"><strong>Program:<\/strong><\/span><\/p>\n<p><span style=\"color: #000000;\">10:00 \u2013 spotkanie ze S\u0142owem Bo\u017cym (\u0141k 1, 39 \u2013 56) &#8211; s. Maria Czepiel, Adriana Kwiatkowska<\/span><\/p>\n<p><span style=\"color: #000000;\">10:30 \u2013 osobista modlitwa w ciszy przed Naj\u015bwi\u0119tszym Sakramentem<\/span><\/p>\n<p><span style=\"color: #000000;\">11:00 \u2013 adoracja Naj\u015bwi\u0119tszego Sakramentu i modlitwa o uzdrowienie<\/span><\/p>\n<p><span style=\"color: #000000;\">12:30 \u2013 przerwa obiadowa (zapewniamy kaw\u0119 i herbat\u0119 w auli Papieskiego Wydzia\u0142u Teologicznego, prosimy o przyniesienie w\u0142asnego prowiantu)<\/span><\/p>\n<p><span style=\"color: #000000;\">14:30 \u2013 konferencja \u201eGeniusz Kobiety Pi\u0119knem Ko\u015bcio\u0142a&#8221; \u2013 Beata Jakoniuk-Wojcieszak<\/span><\/p>\n<p><span style=\"color: #000000;\">15:30 \u2013 spotkanie w grupach dzielenia<\/span><\/p>\n<p><span style=\"color: #000000;\">17:00 \u2013 Eucharystia pod przewodnictwem ks. abp. J\u00f3zefa Kupnego<\/span><\/p>\n<p>&nbsp;<\/p>\n<p><span style=\"color: #000000;\"><strong>Zg\u0142oszenia i szczeg\u00f3\u0142y:<\/strong> <a style=\"color: #000000;\" href=\"mailto:spotkaniekobiet@archidiecezja.wroc.pl\">spotkaniekobiet@archidiecezja.wroc.pl<\/a><\/span><\/p>\n<p>&nbsp;<\/p>\n","protected":false},"excerpt":{"rendered":"<p>Synod zaczyna si\u0119 od spotkania: ze sob\u0105, z drugim cz\u0142owiekiem, z Bogiem. Jest czasem s\u0142uchania i m\u00f3wienia, odkrywania tego, do czego dzi\u015b zaprasza nas Pan Jezus i odpowiadania na Jego g\u0142os. W ramach przygotowa\u0144 do synodu prze\u017cyjemy Diecezjalny Dzie\u0144 Skupienia dla Kobiet. Czas spotkania i odkrywania siebie, swoich \u017cyciowych zada\u0144 i miejsca w Ko\u015bciele. Dzie\u0144&hellip; <br \/> <a class=\"read-more\" href=\"https:\/\/nspj.wroclaw.pl\/new\/diecezjalny-dzien-skupienia-dla-kobiet\/\">Dowiedz si\u0119 wi\u0119cej<\/a><\/p>\n","protected":false},"author":1,"featured_media":7832,"comment_status":"closed","ping_status":"closed","sticky":false,"template":"","format":"standard","meta":{"ngg_post_thumbnail":0,"footnotes":""},"categories":[1],"tags":[],"class_list":["post-7831","post","type-post","status-publish","format-standard","has-post-thumbnail","hentry","category-aktualnosci"],"aioseo_notices":[],"_links":{"self":[{"href":"https:\/\/nspj.wroclaw.pl\/new\/wp-json\/wp\/v2\/posts\/7831","targetHints":{"allow":["GET"]}}],"collection":[{"href":"https:\/\/nspj.wroclaw.pl\/new\/wp-json\/wp\/v2\/posts"}],"about":[{"href":"https:\/\/nspj.wroclaw.pl\/new\/wp-json\/wp\/v2\/types\/post"}],"author":[{"embeddable":true,"href":"https:\/\/nspj.wroclaw.pl\/new\/wp-json\/wp\/v2\/users\/1"}],"replies":[{"embeddable":true,"href":"https:\/\/nspj.wroclaw.pl\/new\/wp-json\/wp\/v2\/comments?post=7831"}],"version-history":[{"count":2,"href":"https:\/\/nspj.wroclaw.pl\/new\/wp-json\/wp\/v2\/posts\/7831\/revisions"}],"predecessor-version":[{"id":7834,"href":"https:\/\/nspj.wroclaw.pl\/new\/wp-json\/wp\/v2\/posts\/7831\/revisions\/7834"}],"wp:featuredmedia":[{"embeddable":true,"href":"https:\/\/nspj.wroclaw.pl\/new\/wp-json\/wp\/v2\/media\/7832"}],"wp:attachment":[{"href":"https:\/\/nspj.wroclaw.pl\/new\/wp-json\/wp\/v2\/media?parent=7831"}],"wp:term":[{"taxonomy":"category","embeddable":true,"href":"https:\/\/nspj.wroclaw.pl\/new\/wp-json\/wp\/v2\/categories?post=7831"},{"taxonomy":"post_tag","embeddable":true,"href":"https:\/\/nspj.wroclaw.pl\/new\/wp-json\/wp\/v2\/tags?post=7831"}],"curies":[{"name":"wp","href":"https:\/\/api.w.org\/{rel}","templated":true}]}}