{"id":7812,"date":"2024-04-03T22:29:50","date_gmt":"2024-04-03T20:29:50","guid":{"rendered":"https:\/\/nspj.wroclaw.pl\/new\/?p=7812"},"modified":"2024-04-06T22:32:10","modified_gmt":"2024-04-06T20:32:10","slug":"zaproszenie-na-spotkanie-odwagi-ja-jestem-nie-boj-sie","status":"publish","type":"post","link":"https:\/\/nspj.wroclaw.pl\/new\/zaproszenie-na-spotkanie-odwagi-ja-jestem-nie-boj-sie\/","title":{"rendered":"Zaproszenie na spotkanie: Odwagi, Ja Jestem ! Nie B\u00f3j Si\u0119 !"},"content":{"rendered":"<div><span style=\"color: #000000;\">Wsp\u00f3lnota \u0179r\u00f3d\u0142o \u0141aski z Parafii \u015aw. Kazimierza Kr\u00f3lewicza we Wroc\u0142awiu i Wsp\u00f3lnota Jezusa Mi\u0142osiernego z Parafii NMP R\u00f3\u017ca\u0144cowej z Kie\u0142czowa&nbsp;<\/span><\/div>\n<div><span style=\"color: #000000;\">ZAPRASZAJ\u0104 NA SPOTKANIE WEEKENDOWE <\/span><span style=\"color: #000000;\">w dniach 12-14.04.2024, <\/span><br \/>\n<span style=\"color: #000000;\">kt\u00f3re odb\u0119dzie si\u0119 w parafii \u015bw. Kazimierza Kr\u00f3lewicza przy ul. Litewskiej 1 we Wroc\u0142awiu, <\/span><br \/>\n<span style=\"color: #000000;\"><span style=\"color: #000000;\">a kt\u00f3re poprowadzi ks. Krystian Charchut, diecezjalny egzorcysta, proboszcz parafii NMP na Piasku.<\/span><\/span>&nbsp;<\/p>\n<\/div>\n<div><span style=\"color: #000000;\">ZAPROSZENIE skierowane jest DO KA\u017bDEGO, a szczeg\u00f3lnie DO CIEBIE, je\u015bli:<\/span><br \/>\n<span style=\"color: #000000;\">&#8211; masz odczucie, \u017ce stoisz w miejscu, <\/span><br \/>\n<span style=\"color: #000000;\">&#8211; \u017ce \u017cyjesz z dnia na dzie\u0144 i wydaje Ci si\u0119, \u017ce przysz\u0142o\u015b\u0107 nie ma sensu;<\/span><br \/>\n<span style=\"color: #000000;\">&#8211; potrzebujesz jakiej\u015b zmiany, <\/span><br \/>\n<span style=\"color: #000000;\">&#8211; chcesz dokona\u0107 wybor\u00f3w ale nie wiesz do ko\u0144ca jakich;<\/span><br \/>\n<span style=\"color: #000000;\">&#8211; a mo\u017ce odczuwasz pal\u0105c\u0105 pustk\u0119 i niczym nie mo\u017cesz jej ugasi\u0107 <\/span><br \/>\n<span style=\"color: #000000;\"><span style=\"color: #000000;\">&#8211; a mo\u017ce po prostu potrzebujesz do\u015bwiadczy\u0107 Bo\u017cej obecno\u015bci, bo pogubi\u0142e\u015b si\u0119 w \u017cyciu&#8230;<\/span><\/span>&nbsp;<\/p>\n<\/div>\n<div>\n<p><span style=\"color: #000000;\">NIE B\u00d3J SI\u0118! Poznamy ci\u0119 z Kim\u015b, kto doda Ci odwagi, aby\u015b m\u00f3g\u0142 do\u015bwiadczy\u0107 przemieniaj\u0105cej mocy.<\/span><\/p>\n<p>&nbsp;<\/p>\n<\/div>\n<div><span style=\"color: #000000;\">Organizatorzy prosz\u0105 o zapisanie si\u0119 przez link do formularza: <a style=\"color: #000000;\" href=\"https:\/\/tiny.pl\/dtqch\" target=\"_blank\" rel=\"noopener noreferrer\">https:\/\/tiny.pl\/dtqch<\/a> <\/span><\/div>\n","protected":false},"excerpt":{"rendered":"<p>Wsp\u00f3lnota \u0179r\u00f3d\u0142o \u0141aski z Parafii \u015aw. Kazimierza Kr\u00f3lewicza we Wroc\u0142awiu i Wsp\u00f3lnota Jezusa Mi\u0142osiernego z Parafii NMP R\u00f3\u017ca\u0144cowej z Kie\u0142czowa&nbsp; ZAPRASZAJ\u0104 NA SPOTKANIE WEEKENDOWE w dniach 12-14.04.2024, kt\u00f3re odb\u0119dzie si\u0119 w parafii \u015bw. Kazimierza Kr\u00f3lewicza przy ul. Litewskiej 1 we Wroc\u0142awiu, a kt\u00f3re poprowadzi ks. Krystian Charchut, diecezjalny egzorcysta, proboszcz parafii NMP na Piasku.&nbsp; ZAPROSZENIE&hellip; <br \/> <a class=\"read-more\" href=\"https:\/\/nspj.wroclaw.pl\/new\/zaproszenie-na-spotkanie-odwagi-ja-jestem-nie-boj-sie\/\">Dowiedz si\u0119 wi\u0119cej<\/a><\/p>\n","protected":false},"author":1,"featured_media":7813,"comment_status":"closed","ping_status":"closed","sticky":false,"template":"","format":"standard","meta":{"ngg_post_thumbnail":0,"footnotes":""},"categories":[1],"tags":[],"class_list":["post-7812","post","type-post","status-publish","format-standard","has-post-thumbnail","hentry","category-aktualnosci"],"aioseo_notices":[],"_links":{"self":[{"href":"https:\/\/nspj.wroclaw.pl\/new\/wp-json\/wp\/v2\/posts\/7812","targetHints":{"allow":["GET"]}}],"collection":[{"href":"https:\/\/nspj.wroclaw.pl\/new\/wp-json\/wp\/v2\/posts"}],"about":[{"href":"https:\/\/nspj.wroclaw.pl\/new\/wp-json\/wp\/v2\/types\/post"}],"author":[{"embeddable":true,"href":"https:\/\/nspj.wroclaw.pl\/new\/wp-json\/wp\/v2\/users\/1"}],"replies":[{"embeddable":true,"href":"https:\/\/nspj.wroclaw.pl\/new\/wp-json\/wp\/v2\/comments?post=7812"}],"version-history":[{"count":4,"href":"https:\/\/nspj.wroclaw.pl\/new\/wp-json\/wp\/v2\/posts\/7812\/revisions"}],"predecessor-version":[{"id":7817,"href":"https:\/\/nspj.wroclaw.pl\/new\/wp-json\/wp\/v2\/posts\/7812\/revisions\/7817"}],"wp:featuredmedia":[{"embeddable":true,"href":"https:\/\/nspj.wroclaw.pl\/new\/wp-json\/wp\/v2\/media\/7813"}],"wp:attachment":[{"href":"https:\/\/nspj.wroclaw.pl\/new\/wp-json\/wp\/v2\/media?parent=7812"}],"wp:term":[{"taxonomy":"category","embeddable":true,"href":"https:\/\/nspj.wroclaw.pl\/new\/wp-json\/wp\/v2\/categories?post=7812"},{"taxonomy":"post_tag","embeddable":true,"href":"https:\/\/nspj.wroclaw.pl\/new\/wp-json\/wp\/v2\/tags?post=7812"}],"curies":[{"name":"wp","href":"https:\/\/api.w.org\/{rel}","templated":true}]}}