{"id":7660,"date":"2024-03-31T03:26:16","date_gmt":"2024-03-31T01:26:16","guid":{"rendered":"https:\/\/nspj.wroclaw.pl\/new\/?p=7660"},"modified":"2024-04-03T09:36:46","modified_gmt":"2024-04-03T07:36:46","slug":"wielkanoc-2024-r","status":"publish","type":"post","link":"https:\/\/nspj.wroclaw.pl\/new\/wielkanoc-2024-r\/","title":{"rendered":"WIELKANOC \u2013 2024 r."},"content":{"rendered":"<p style=\"text-align: center;\"><span style=\"color: #000000;\"><strong>&nbsp;<\/strong><strong>WIELKANOC \u2013 2024 r.<br \/>\n<\/strong><strong><u>Og<\/u><\/strong><strong><u>\u0142oszenia Parafialne<\/u><\/strong><\/span><\/p>\n<p><span style=\"color: #000000;\"><strong>&nbsp;<\/strong><\/span><\/p>\n<ol>\n<li><span style=\"color: #000000;\">Doczekali\u015bmy \u015awi\u0105t Wielkanocnych: <strong>\u017cyczymy sobie<\/strong> wzajemnie <strong>rado\u015bci paschalnej <\/strong>oraz obfitych owoc\u00f3w duchowych od Zmartwychwsta\u0142ego Pana! Niech On nam pozwoli rozpozna\u0107 swoj\u0105 obecno\u015b\u0107 podczas \u015bwi\u0105tecznego posi\u0142ku w naszych domach i wsp\u00f3lnotach oraz nape\u0142ni nasze serca nadziej\u0105 i odwag\u0105 w wyznawanie wiary w Jego Zmartwychwstanie\u2026<br \/>\n<\/span><\/li>\n<\/ol>\n<ol start=\"2\">\n<li><span style=\"color: #000000;\">Jeszcze raz wyra\u017camy wielk\u0105 rado\u015b\u0107 z tego, \u017ce akurat przed \u015awi\u0119tami, zako\u0144czy\u0142y si\u0119 prace brukowe wok\u00f3\u0142 ko\u015bcio\u0142a parafialnego! <strong>Dzi\u0119kujemy serdecznie <\/strong>wszystkim, kt\u00f3rzy si\u0119 do tego przyczynili; tak\u017ce firmie P. Marcina Myjkowskiego z D\u0105browy k\/Ole\u015bnicy za staranne wykonanie tych prac. Po Wielkanocy podobne prace b\u0119d\u0105 wykonywane wok\u00f3\u0142 ko\u015bcio\u0142a w Pruszowicach!<\/span><\/li>\n<\/ol>\n<ol start=\"3\">\n<li><span style=\"color: #000000;\"><strong>W kalendarzu liturgicznym <\/strong>\u015bwi\u0119tujemy Dni Oktawy Wielkanocnej, kt\u00f3re \u0142\u0105cz\u0105 si\u0119 z dniami Nowenny przed \u015bwi\u0119tem Mi\u0142osierdzia Bo\u017cego, a tak\u017ce: <strong>I Czwartkiem, I Pi\u0105tkiem i I Sobot\u0105 <\/strong>miesi\u0105ca kwietnia.<strong> W I pi\u0105tek <\/strong>o 15.00 \u2013Koronka do BM i pocz\u0105tek adoracji Naj\u015bwi\u0119tszego Sakramentu \u2013 do wieczornej Mszy \u015bw. <strong>W Pruszowicach<\/strong> \u2013 adoracja od g. 18.30 i Msza \u015bw. o g. 19.00. Tam te\u017c od \u015brody zostaje przywr\u00f3cona regularna Msza \u015bw. z Nowenn\u0105 do MB Nieustaj\u0105cej Pomocy o g. 19.00. W <strong>I Sobot\u0119 \u2013 <\/strong>R\u00f3\u017caniec z medytacj\u0105 od g. 8.15 i poranna Msza \u015bw. o g. 9.00 z oktawy wielkanocnej; wieczorna \u2013 niedzielna, ze \u015awi\u0119ta Mi\u0142osierdzia!<\/span><span style=\"color: #000000;\"><strong><br \/>\n<\/strong><\/span><\/li>\n<\/ol>\n<ol start=\"4\">\n<li><span style=\"color: #000000;\"><strong>Za tydzie\u0144<\/strong> I Niedziela miesi\u0105ca w kt\u00f3r\u0105 przypada \u015bwi\u0119to Mi\u0142osierdzia Bo\u017cego; b\u0119dzie to tak\u017ce niedziela adoracyjna. Prymaria b\u0119dzie ofiarowana w int. Od III R\u00f3\u017cy MB Nieustaj\u0105cej Pomocy: \u201eAby osoby chore swoje cierpienia \u0142\u0105czy\u0142y z Chrystusem um\u0119czonym i Zmartwychwsta\u0142ym oraz w int. pokoju na \u015bwiecie\u201d. Ofiary b\u0119d\u0105 przeznaczone na prace wyko\u0144czeniowe przy Domu parafialnym\u2026&nbsp;<br \/>\n<\/span><\/li>\n<\/ol>\n<ol start=\"5\">\n<li><span style=\"color: #000000;\"><strong>Dzi\u0119kujemy<\/strong> serdecznie wszystkim osobom, kt\u00f3re si\u0119 zaanga\u017cowa\u0142y w przygotowania \u015bwi\u0105teczne w naszych ko\u015bcio\u0142ach: zar\u00f3wno na Paw\u0142owicach jak i w Pruszowicach oraz <strong><em>za \u017cyczenia \u015bwi\u0105teczne, <\/em><\/strong>jakie otrzymujemy w tym czasie od r\u00f3\u017cnych os\u00f3b oraz instytucji\u2026 W spos\u00f3b szczeg\u00f3lny dzi\u0119kujemy za udzia\u0142 w \u015awi\u0119tym Triduum Paschalnym LSO, Ch\u00f3rowi Parafialnemu, Panu Organi\u015bcie oraz dekoratorom naszych ko\u015bcio\u0142\u00f3w i wszystkim wsp\u00f3lnotom!<\/span><\/li>\n<\/ol>\n<ol start=\"6\">\n<li><span style=\"color: #000000;\">Na stoliku <strong>pod ch\u00f3rem<\/strong> znajdziemy biuletyn parafialny, Go\u015bcia Niedzielnego oraz Dobre Nowiny\u2026<\/span><\/li>\n<\/ol>\n<ol start=\"7\">\n<li><span style=\"color: #000000;\">Na koniec, jeszcze raz &#8211; wszystkim naszym Parafianom i Go\u015bciom &#8211; \u017cyczymy serdecznie: <strong><em>smacznego \u015bwi\u0119conego oraz Weso\u0142ego ALLELUJA. <\/em><\/strong>Tymi \u017cyczeniami obejmujemy tak\u017ce klasztor Si\u00f3str Benedyktynek-Sakramentek na naszym Osiedlu<strong><em>\u2026<\/em><\/strong><\/span><\/li>\n<\/ol>\n<p style=\"text-align: center;\"><span style=\"color: #000000;\"><strong>AMDG <\/strong><\/span><\/p>\n<p><span style=\"color: #000000;\"><strong><em>&nbsp;<\/em><\/strong><\/span><\/p>\n","protected":false},"excerpt":{"rendered":"<p>&nbsp;WIELKANOC \u2013 2024 r. Og\u0142oszenia Parafialne &nbsp; Doczekali\u015bmy \u015awi\u0105t Wielkanocnych: \u017cyczymy sobie wzajemnie rado\u015bci paschalnej oraz obfitych owoc\u00f3w duchowych od Zmartwychwsta\u0142ego Pana! Niech On nam pozwoli rozpozna\u0107 swoj\u0105 obecno\u015b\u0107 podczas \u015bwi\u0105tecznego posi\u0142ku w naszych domach i wsp\u00f3lnotach oraz nape\u0142ni nasze serca nadziej\u0105 i odwag\u0105 w wyznawanie wiary w Jego Zmartwychwstanie\u2026 Jeszcze raz wyra\u017camy wielk\u0105 rado\u015b\u0107&hellip; <br \/> <a class=\"read-more\" href=\"https:\/\/nspj.wroclaw.pl\/new\/wielkanoc-2024-r\/\">Dowiedz si\u0119 wi\u0119cej<\/a><\/p>\n","protected":false},"author":1,"featured_media":2977,"comment_status":"closed","ping_status":"closed","sticky":false,"template":"","format":"standard","meta":{"ngg_post_thumbnail":0,"footnotes":""},"categories":[17],"tags":[],"class_list":["post-7660","post","type-post","status-publish","format-standard","has-post-thumbnail","hentry","category-ogloszenia"],"aioseo_notices":[],"_links":{"self":[{"href":"https:\/\/nspj.wroclaw.pl\/new\/wp-json\/wp\/v2\/posts\/7660","targetHints":{"allow":["GET"]}}],"collection":[{"href":"https:\/\/nspj.wroclaw.pl\/new\/wp-json\/wp\/v2\/posts"}],"about":[{"href":"https:\/\/nspj.wroclaw.pl\/new\/wp-json\/wp\/v2\/types\/post"}],"author":[{"embeddable":true,"href":"https:\/\/nspj.wroclaw.pl\/new\/wp-json\/wp\/v2\/users\/1"}],"replies":[{"embeddable":true,"href":"https:\/\/nspj.wroclaw.pl\/new\/wp-json\/wp\/v2\/comments?post=7660"}],"version-history":[{"count":1,"href":"https:\/\/nspj.wroclaw.pl\/new\/wp-json\/wp\/v2\/posts\/7660\/revisions"}],"predecessor-version":[{"id":7661,"href":"https:\/\/nspj.wroclaw.pl\/new\/wp-json\/wp\/v2\/posts\/7660\/revisions\/7661"}],"wp:featuredmedia":[{"embeddable":true,"href":"https:\/\/nspj.wroclaw.pl\/new\/wp-json\/wp\/v2\/media\/2977"}],"wp:attachment":[{"href":"https:\/\/nspj.wroclaw.pl\/new\/wp-json\/wp\/v2\/media?parent=7660"}],"wp:term":[{"taxonomy":"category","embeddable":true,"href":"https:\/\/nspj.wroclaw.pl\/new\/wp-json\/wp\/v2\/categories?post=7660"},{"taxonomy":"post_tag","embeddable":true,"href":"https:\/\/nspj.wroclaw.pl\/new\/wp-json\/wp\/v2\/tags?post=7660"}],"curies":[{"name":"wp","href":"https:\/\/api.w.org\/{rel}","templated":true}]}}