{"id":7629,"date":"2024-04-14T08:30:45","date_gmt":"2024-04-14T06:30:45","guid":{"rendered":"https:\/\/nspj.wroclaw.pl\/new\/?p=7629"},"modified":"2024-04-20T23:38:10","modified_gmt":"2024-04-20T21:38:10","slug":"wyklad-sw-andrzej-bobola-ratunkiem-dla-polski","status":"publish","type":"post","link":"https:\/\/nspj.wroclaw.pl\/new\/wyklad-sw-andrzej-bobola-ratunkiem-dla-polski\/","title":{"rendered":"Wyk\u0142ad &#8211; \u015aw. Andrzej Bobola Ratunkiem Dla Polski &#8211; film"},"content":{"rendered":"<p><span style=\"color: #000000;\">14 kwietnia o godz. 19:00 w Domu Parafialnym<\/span><span style=\"color: #000000;\"> \u015bw. Jana Paw\u0142a II odby\u0142 si\u0119 wyk\u0142ad:<\/span><br \/>\n<span style=\"color: #000000;\"><strong>\u015aw. Andrzej Bobola ratunkiem dla Polski<\/strong><\/span><\/p>\n<p><span style=\"color: #000000;\">Wyk\u0142ad poprowadzi\u0142a dziennikarka EWTN Polska i propagatorka kultu \u015bw. Andrzeja Boboli &#8211; Dorota Nied\u017awiecka<\/span><\/p>\n<p>&nbsp;<br \/>\n<iframe loading=\"lazy\" title=\"YouTube video player\" src=\"https:\/\/www.youtube.com\/embed\/SIm6b1l918w?si=69CyxiXZqz2IbYJF\" width=\"560\" height=\"315\" frameborder=\"0\" allowfullscreen=\"allowfullscreen\"><\/iframe><br \/>\n&nbsp;<\/p>\n","protected":false},"excerpt":{"rendered":"<p>14 kwietnia o godz. 19:00 w Domu Parafialnym \u015bw. Jana Paw\u0142a II odby\u0142 si\u0119 wyk\u0142ad: \u015aw. Andrzej Bobola ratunkiem dla Polski Wyk\u0142ad poprowadzi\u0142a dziennikarka EWTN Polska i propagatorka kultu \u015bw. Andrzeja Boboli &#8211; Dorota Nied\u017awiecka &nbsp; &nbsp;<\/p>\n","protected":false},"author":1,"featured_media":7630,"comment_status":"closed","ping_status":"closed","sticky":false,"template":"","format":"standard","meta":{"ngg_post_thumbnail":0,"footnotes":""},"categories":[1],"tags":[],"class_list":["post-7629","post","type-post","status-publish","format-standard","has-post-thumbnail","hentry","category-aktualnosci"],"aioseo_notices":[],"_links":{"self":[{"href":"https:\/\/nspj.wroclaw.pl\/new\/wp-json\/wp\/v2\/posts\/7629","targetHints":{"allow":["GET"]}}],"collection":[{"href":"https:\/\/nspj.wroclaw.pl\/new\/wp-json\/wp\/v2\/posts"}],"about":[{"href":"https:\/\/nspj.wroclaw.pl\/new\/wp-json\/wp\/v2\/types\/post"}],"author":[{"embeddable":true,"href":"https:\/\/nspj.wroclaw.pl\/new\/wp-json\/wp\/v2\/users\/1"}],"replies":[{"embeddable":true,"href":"https:\/\/nspj.wroclaw.pl\/new\/wp-json\/wp\/v2\/comments?post=7629"}],"version-history":[{"count":5,"href":"https:\/\/nspj.wroclaw.pl\/new\/wp-json\/wp\/v2\/posts\/7629\/revisions"}],"predecessor-version":[{"id":7850,"href":"https:\/\/nspj.wroclaw.pl\/new\/wp-json\/wp\/v2\/posts\/7629\/revisions\/7850"}],"wp:featuredmedia":[{"embeddable":true,"href":"https:\/\/nspj.wroclaw.pl\/new\/wp-json\/wp\/v2\/media\/7630"}],"wp:attachment":[{"href":"https:\/\/nspj.wroclaw.pl\/new\/wp-json\/wp\/v2\/media?parent=7629"}],"wp:term":[{"taxonomy":"category","embeddable":true,"href":"https:\/\/nspj.wroclaw.pl\/new\/wp-json\/wp\/v2\/categories?post=7629"},{"taxonomy":"post_tag","embeddable":true,"href":"https:\/\/nspj.wroclaw.pl\/new\/wp-json\/wp\/v2\/tags?post=7629"}],"curies":[{"name":"wp","href":"https:\/\/api.w.org\/{rel}","templated":true}]}}