{"id":7603,"date":"2024-03-25T22:49:51","date_gmt":"2024-03-25T21:49:51","guid":{"rendered":"https:\/\/nspj.wroclaw.pl\/new\/?p=7603"},"modified":"2024-03-29T22:15:59","modified_gmt":"2024-03-29T21:15:59","slug":"adoracja-triduum-sacrum-2024","status":"publish","type":"post","link":"https:\/\/nspj.wroclaw.pl\/new\/adoracja-triduum-sacrum-2024\/","title":{"rendered":"ADORACJA &#8211; TRIDUUM SACRUM 2024"},"content":{"rendered":"<p style=\"text-align: center;\"><span style=\"color: #000000;\"><strong><u>ADORACJA NAJ\u015aWI\u0118TSZEGO SAKRAMENTU<\/u><\/strong><\/span><\/p>\n<p style=\"text-align: center;\"><span style=\"color: #000000;\"><strong><u>TRIDUUM SACRUM \u2013 2024 \u2013 Paw\u0142owice; (Pruszowice)<\/u><\/strong><\/span><\/p>\n<p>&nbsp;<\/p>\n<p><span style=\"color: #000000;\"><span style=\"color: #993300;\"><strong><u>WIELKI CZWARTEK<\/u><\/strong> <\/span>(w Pruszowicach g. 20.00, adoracja do 22.00)<\/span><\/p>\n<p><span style=\"color: #000000;\">22.00 &#8211; 21.00: R\u00f3\u017ca I \u2013 NSPJ. \u2013 p. Ewa Firlej<\/span><\/p>\n<p><span style=\"color: #000000;\">21.00 \u2013 22.00: OG\u00d3LNA<strong> &#8211; <\/strong>indywidualna<\/span><\/p>\n<p>&nbsp;<\/p>\n<p><span style=\"color: #993300;\"><strong><u>WIELKI PI\u0104TEK<\/u><\/strong><\/span><\/p>\n<p><span style=\"color: #000000;\"><strong>&nbsp;8:00<\/strong> &#8211; R\u00f3\u017ca II \u2013 Matki Bo\u017cej R\u00f3\u017ca\u0144cowej \u2013 p. Jola D\u0119bicka<\/span><\/p>\n<p><span style=\"color: #000000;\"><strong>&nbsp;9:00 &#8211; Liturgia Godzin: \u201eCiemna Jutrznia\u201d; adoracja indywidualna<\/strong>&nbsp;&nbsp;&nbsp;&nbsp;&nbsp; &nbsp;<\/span><\/p>\n<p><span style=\"color: #000000;\"><strong>10<\/strong><strong>:00<\/strong> &#8211; R\u00f3\u017ca III \u2013 Matki Bo\u017cej Nieustaj\u0105cej Pomocy &#8211; p. Jola Twerd<\/span><\/p>\n<p><span style=\"color: #000000;\">1<strong>1<\/strong><strong>:00<\/strong> &#8211; R\u00f3\u017ca IV \u2013 \u015bw. Maksymiliana Marii Kolbego \u2013 p. Jadwiga Parwenis<\/span><\/p>\n<p><span style=\"color: #000000;\"><strong>12:00<\/strong> \u2013 OG\u00d3LNA<strong> &#8211; <\/strong>indywidualna<\/span><\/p>\n<p><span style=\"color: #000000;\"><strong>13:00<\/strong> &#8211; Klub Seniora<\/span><\/p>\n<p><span style=\"color: #000000;\"><strong>14:00<\/strong> &#8211; Ko\u015bci\u00f3\u0142 Domowy<\/span><\/p>\n<p><span style=\"color: #000000;\"><strong>15:00 &#8211; NOWENNA &#8211; <\/strong>Koronka do BM; <strong>DK <\/strong>(LSO);<strong> tak\u017ce <\/strong>w Pruszowicach!<\/span><\/p>\n<p><span style=\"color: #000000;\"><strong>16<\/strong><strong>:00<\/strong> \u2013 LSO<\/span><\/p>\n<p><span style=\"color: #000000;\"><strong>17:00<\/strong> \u2013 OG\u00d3LNA<strong> &#8211; <\/strong>indywidualna<\/span><\/p>\n<p><span style=\"color: #000000;\"><strong>18:00 &#8211; Liturgia M\u0119ki Pa\u0144skiej; <\/strong>(w Pruszowicach \u2013 g. 19.00: adoracja do 22.00)<\/span><\/p>\n<p><span style=\"color: #000000;\">Bezpo\u015brednio po Liturgii \u2013 <strong>Gorzkie \u017bale;<\/strong><\/span><\/p>\n<p><span style=\"color: #000000;\"><strong>20.00 \u2013 <\/strong>I R\u00f3\u017ca NSPJ<\/span><\/p>\n<p><span style=\"color: #000000;\"><strong>20.30 \u2013 <\/strong>II R\u00f3\u017ca MB R\u00f3\u017ca\u0144cowej<\/span><\/p>\n<p><span style=\"color: #000000;\"><strong>21.00<\/strong> \u2013 III R\u00f3\u017ca MB Nieustaj\u0105cej Pomocy<\/span><\/p>\n<p><span style=\"color: #000000;\"><strong>21.30 <\/strong>\u2013 IV R\u00f3\u017ca \u015bw. Maksymiliana M. Kolbego<\/span><\/p>\n<p><span style=\"color: #000000;\"><strong>22.00<\/strong> &#8211; OG\u00d3LNA &#8211; indywidualna<\/span><\/p>\n<p><span style=\"color: #000000;\"><strong>23.00 <\/strong>\u2013 24.00 &#8211; Kandydaci do S. Bierzmowania\/M\u0142odzie\u017c: DOBRANOC\u2026<\/span><\/p>\n<p>&nbsp;<\/p>\n<p><span style=\"color: #993300;\"><strong><u>WIELKA SOBOTA<\/u><\/strong><\/span><\/p>\n<p><span style=\"color: #000000;\"><strong>8:00 &#8211;<\/strong> OG\u00d3LNA<strong> &#8211; <\/strong>indywidualna<\/span><\/p>\n<p><span style=\"color: #000000;\"><strong>9:00 &#8211; Liturgia Godzin: \u201eCiemna Jutrznia\u201d <\/strong><\/span><\/p>\n<p><span style=\"color: #000000;\"><strong>9.30 \u2013 13.00 <\/strong>\u2013 <strong>\u015bwi\u0119cenie pokarm\u00f3w<\/strong>: co p\u00f3\u0142 godziny\/adoracja indywidualna;<\/span><\/p>\n<p><span style=\"color: #000000;\">(w Pruszowicach \u2013 wraz z adoracj\u0105: 11.00, 11.30 i 12.00)<\/span><\/p>\n<p><span style=\"color: #000000;\"><strong>14.00 \u2013 15.00 \u2013 <\/strong>Ko\u015bci\u00f3\u0142 Domowy<\/span><\/p>\n<p><span style=\"color: #000000;\"><strong>15.00 <\/strong>&#8211; <strong>NOWENNA &#8211; <\/strong>Koronka do Bo\u017cego Mi\u0142osierdzia<\/span><\/p>\n<p><span style=\"color: #000000;\"><strong>&nbsp;<\/strong><\/span><\/p>\n<p><span style=\"color: #000000;\"><strong>15.30-17.00 \u2013 Sprz\u0105tanie ko\u015bcio\u0142a!!! <\/strong><\/span><\/p>\n<p><span style=\"color: #000000;\"><strong><em>Wznowienie adoracji:<\/em><\/strong><\/span><\/p>\n<p><span style=\"color: #000000;\"><strong>17.00<\/strong> \u2013 I R\u00f3\u017ca \u017bR<\/span><\/p>\n<p><span style=\"color: #000000;\"><strong>18.00<\/strong> \u2013 II R\u00f3\u017ca \u017bR<\/span><\/p>\n<p><span style=\"color: #000000;\"><strong>19.00<\/strong> \u2013 III R\u00f3\u017ca \u017bR<\/span><\/p>\n<p><span style=\"color: #000000;\"><strong>20.00 <\/strong>\u2013 IV R\u00f3\u017ca \u017bR<\/span><\/p>\n<p><span style=\"color: #000000;\"><strong>21.00<\/strong> &#8211; <strong>OG\u00d3LNA \u2013 <\/strong>indywidualna<\/span><\/p>\n<p>&nbsp;<\/p>\n<p><span style=\"color: #000000;\"><strong>22.00 \u2013 Liturgia Wigilii Paschalnej; <\/strong>(Pruszowice \u2013 g. 19.00)<\/span><\/p>\n","protected":false},"excerpt":{"rendered":"<p>ADORACJA NAJ\u015aWI\u0118TSZEGO SAKRAMENTU TRIDUUM SACRUM \u2013 2024 \u2013 Paw\u0142owice; (Pruszowice) &nbsp; WIELKI CZWARTEK (w Pruszowicach g. 20.00, adoracja do 22.00) 22.00 &#8211; 21.00: R\u00f3\u017ca I \u2013 NSPJ. \u2013 p. Ewa Firlej 21.00 \u2013 22.00: OG\u00d3LNA &#8211; indywidualna &nbsp; WIELKI PI\u0104TEK &nbsp;8:00 &#8211; R\u00f3\u017ca II \u2013 Matki Bo\u017cej R\u00f3\u017ca\u0144cowej \u2013 p. Jola D\u0119bicka &nbsp;9:00 &#8211; Liturgia&hellip; <br \/> <a class=\"read-more\" href=\"https:\/\/nspj.wroclaw.pl\/new\/adoracja-triduum-sacrum-2024\/\">Dowiedz si\u0119 wi\u0119cej<\/a><\/p>\n","protected":false},"author":1,"featured_media":5280,"comment_status":"closed","ping_status":"closed","sticky":false,"template":"","format":"standard","meta":{"ngg_post_thumbnail":0,"footnotes":""},"categories":[1],"tags":[],"class_list":["post-7603","post","type-post","status-publish","format-standard","has-post-thumbnail","hentry","category-aktualnosci"],"aioseo_notices":[],"_links":{"self":[{"href":"https:\/\/nspj.wroclaw.pl\/new\/wp-json\/wp\/v2\/posts\/7603","targetHints":{"allow":["GET"]}}],"collection":[{"href":"https:\/\/nspj.wroclaw.pl\/new\/wp-json\/wp\/v2\/posts"}],"about":[{"href":"https:\/\/nspj.wroclaw.pl\/new\/wp-json\/wp\/v2\/types\/post"}],"author":[{"embeddable":true,"href":"https:\/\/nspj.wroclaw.pl\/new\/wp-json\/wp\/v2\/users\/1"}],"replies":[{"embeddable":true,"href":"https:\/\/nspj.wroclaw.pl\/new\/wp-json\/wp\/v2\/comments?post=7603"}],"version-history":[{"count":6,"href":"https:\/\/nspj.wroclaw.pl\/new\/wp-json\/wp\/v2\/posts\/7603\/revisions"}],"predecessor-version":[{"id":7609,"href":"https:\/\/nspj.wroclaw.pl\/new\/wp-json\/wp\/v2\/posts\/7603\/revisions\/7609"}],"wp:featuredmedia":[{"embeddable":true,"href":"https:\/\/nspj.wroclaw.pl\/new\/wp-json\/wp\/v2\/media\/5280"}],"wp:attachment":[{"href":"https:\/\/nspj.wroclaw.pl\/new\/wp-json\/wp\/v2\/media?parent=7603"}],"wp:term":[{"taxonomy":"category","embeddable":true,"href":"https:\/\/nspj.wroclaw.pl\/new\/wp-json\/wp\/v2\/categories?post=7603"},{"taxonomy":"post_tag","embeddable":true,"href":"https:\/\/nspj.wroclaw.pl\/new\/wp-json\/wp\/v2\/tags?post=7603"}],"curies":[{"name":"wp","href":"https:\/\/api.w.org\/{rel}","templated":true}]}}