{"id":7595,"date":"2024-03-18T13:40:58","date_gmt":"2024-03-18T12:40:58","guid":{"rendered":"https:\/\/nspj.wroclaw.pl\/new\/?p=7595"},"modified":"2024-03-18T13:40:58","modified_gmt":"2024-03-18T12:40:58","slug":"adoracja-najswietszego-sakramentu-23-04-2024","status":"publish","type":"post","link":"https:\/\/nspj.wroclaw.pl\/new\/adoracja-najswietszego-sakramentu-23-04-2024\/","title":{"rendered":"Adoracja Naj\u015bwi\u0119tszego Sakramentu &#8211; 23.04.2024"},"content":{"rendered":"<p><span style=\"color: #000000;\">Serdecznie zapraszamy na <strong>adoracj\u0119 Naj\u015bwi\u0119tszego Sakramentu<\/strong>,<strong> przy oprawie muzycznej<\/strong> wykonanej przez student\u00f3w, kt\u00f3ra odb\u0119dzie si\u0119 w najbli\u017csz\u0105 sobot\u0119 <strong>23 marca 2024r<\/strong>. po wieczornej Mszy \u015awi\u0119tej. Zach\u0119camy do uczestnictwa zw\u0142aszcza przed zbli\u017caj\u0105cym si\u0119 Triduum Paschalnym. B\u0119dzie to idealna okazja do skupienia i osobistej modlitwy.<\/span><\/p>\n","protected":false},"excerpt":{"rendered":"<p>Serdecznie zapraszamy na adoracj\u0119 Naj\u015bwi\u0119tszego Sakramentu, przy oprawie muzycznej wykonanej przez student\u00f3w, kt\u00f3ra odb\u0119dzie si\u0119 w najbli\u017csz\u0105 sobot\u0119 23 marca 2024r. po wieczornej Mszy \u015awi\u0119tej. Zach\u0119camy do uczestnictwa zw\u0142aszcza przed zbli\u017caj\u0105cym si\u0119 Triduum Paschalnym. B\u0119dzie to idealna okazja do skupienia i osobistej modlitwy.<\/p>\n","protected":false},"author":1,"featured_media":7596,"comment_status":"closed","ping_status":"closed","sticky":false,"template":"","format":"standard","meta":{"ngg_post_thumbnail":0,"footnotes":""},"categories":[1],"tags":[],"class_list":["post-7595","post","type-post","status-publish","format-standard","has-post-thumbnail","hentry","category-aktualnosci"],"aioseo_notices":[],"_links":{"self":[{"href":"https:\/\/nspj.wroclaw.pl\/new\/wp-json\/wp\/v2\/posts\/7595","targetHints":{"allow":["GET"]}}],"collection":[{"href":"https:\/\/nspj.wroclaw.pl\/new\/wp-json\/wp\/v2\/posts"}],"about":[{"href":"https:\/\/nspj.wroclaw.pl\/new\/wp-json\/wp\/v2\/types\/post"}],"author":[{"embeddable":true,"href":"https:\/\/nspj.wroclaw.pl\/new\/wp-json\/wp\/v2\/users\/1"}],"replies":[{"embeddable":true,"href":"https:\/\/nspj.wroclaw.pl\/new\/wp-json\/wp\/v2\/comments?post=7595"}],"version-history":[{"count":1,"href":"https:\/\/nspj.wroclaw.pl\/new\/wp-json\/wp\/v2\/posts\/7595\/revisions"}],"predecessor-version":[{"id":7597,"href":"https:\/\/nspj.wroclaw.pl\/new\/wp-json\/wp\/v2\/posts\/7595\/revisions\/7597"}],"wp:featuredmedia":[{"embeddable":true,"href":"https:\/\/nspj.wroclaw.pl\/new\/wp-json\/wp\/v2\/media\/7596"}],"wp:attachment":[{"href":"https:\/\/nspj.wroclaw.pl\/new\/wp-json\/wp\/v2\/media?parent=7595"}],"wp:term":[{"taxonomy":"category","embeddable":true,"href":"https:\/\/nspj.wroclaw.pl\/new\/wp-json\/wp\/v2\/categories?post=7595"},{"taxonomy":"post_tag","embeddable":true,"href":"https:\/\/nspj.wroclaw.pl\/new\/wp-json\/wp\/v2\/tags?post=7595"}],"curies":[{"name":"wp","href":"https:\/\/api.w.org\/{rel}","templated":true}]}}