{"id":7562,"date":"2024-03-22T20:53:49","date_gmt":"2024-03-22T19:53:49","guid":{"rendered":"https:\/\/nspj.wroclaw.pl\/new\/?p=7562"},"modified":"2024-03-23T22:39:01","modified_gmt":"2024-03-23T21:39:01","slug":"modlitwa-nowennowa-w-intencji-ojczyzny-akcja-2120","status":"publish","type":"post","link":"https:\/\/nspj.wroclaw.pl\/new\/modlitwa-nowennowa-w-intencji-ojczyzny-akcja-2120\/","title":{"rendered":"Modlitwa nowennowa w intencji Ojczyzny \u201eAkcja 21:20\u201d"},"content":{"rendered":"<p><span style=\"color: #000000;\"><strong><br \/>\nPrzewodnicz\u0105cy Konferencji Episkopatu Polski abp Stanis\u0142aw G\u0105decki zaprasza do w\u0142\u0105czenia si\u0119 w modlitw\u0119 nowennow\u0105 \u201eAkcja 21:20\u201d. B\u0119dzie to odmawiana po Apelu Jasnog\u00f3rskim modlitwa w intencji Ojczyzny, zgody narodowej i poszanowania \u017cycia ludzkiego, zanoszona za wstawiennictwem \u015bw. Andrzeja Boboli i b\u0142. ks. Jerzego Popie\u0142uszki. Nowenna rozpocznie si\u0119 16 marca a zako\u0144czy 24 marca, przed przypadaj\u0105cym 25 marca Dniem \u015awi\u0119to\u015bci \u017bycia.<\/strong><\/span><\/p>\n<p><span style=\"color: #000000;\">\u201eW zwi\u0105zku z rodz\u0105c\u0105 wiele pyta\u0144 i niepokoj\u00f3w sytuacj\u0105 spo\u0142eczn\u0105 w naszej Ojczy\u017anie, prosz\u0119 wszystkich o wsp\u00f3ln\u0105 modlitw\u0119 w wa\u017cnych dla naszego kraju intencjach\u201d \u2013 napisa\u0142 przewodnicz\u0105cy Episkopatu w zaproszeniu do w\u0142\u0105czenia si\u0119 w inicjatyw\u0119 modlitewn\u0105 \u201eAkcja 21:20\u201d.<strong>&nbsp;<\/strong>Nowenna b\u0119dzie odmawiana bezpo\u015brednio po Apelu Jasnog\u00f3rskim, a tak\u017ce po ka\u017cdej Mszy \u015bw. \u201eJe\u015bli nie b\u0119dzie to mo\u017cliwe, nowenn\u0119 mo\u017cna odm\u00f3wi\u0107 indywidualnie w dowolnym momencie dnia\u201d \u2013 zaznaczy\u0142.<\/span><\/p>\n<p><span style=\"color: #000000;\">Aby do\u0142\u0105czy\u0107 do nowenny, nale\u017cy ka\u017cdego dnia, rozpoczynaj\u0105c od 16 marca, odczyta\u0107 intencj\u0119 na dany dzie\u0144 oraz odm\u00f3wi\u0107 \u201eOjcze nasz\u201d, \u201eZdrowa\u015b Maryjo\u201d i dowoln\u0105 modlitw\u0119 w intencji Ojczyzny, np. autorstwa ks. Piotra Skargi. \u201eZach\u0119cam gor\u0105co, aby odmawia\u0107 modlitw\u0119 w ko\u015bcio\u0142ach, kaplicach, parafiach i wsp\u00f3lnotach duszpasterskich\u201d \u2013 napisa\u0142 przewodnicz\u0105cy KEP.<\/span><\/p>\n<p><span style=\"color: #000000;\">Obok intencji og\u00f3lnej, ka\u017cdemu dniu nowenny towarzyszy\u0107 b\u0119d\u0105 intencje szczeg\u00f3\u0142owe.<\/span><\/p>\n<div id=\"intencje\" class=\"section\">\n<div class=\"theme-services\">\n<div class=\"container\">\n<div class=\"row\">\n<div class=\"col-md-12\">\n<h4 class=\"theme-heading color-primary\"><span style=\"color: #000000;\">Dni nowenny<\/span><\/h4>\n<\/div>\n<\/div>\n<div class=\"row\">\n<div class=\"col-md-12\">\n<div class=\"p-4 card mb-3\">\n<p class=\"fs-5 fw-bold\"><span style=\"color: #000000;\">Dzie\u0144 1 <\/span><br \/>\n<span style=\"color: #000000;\"><small class=\"color-primary\">16 marca (sobota)<\/small><\/span><\/p>\n<p class=\"fs-5 font-serif lh-sm fw-bold\"><span style=\"color: #000000;\"><em>Post\u0119pujcie nadal m\u0119\u017cnie, ale z t\u0105 odwag\u0105 chrze\u015bcija\u0144sk\u0105, kt\u00f3ra idzie w parze z roztropno\u015bci\u0105 i z t\u0105 m\u0105dro\u015bci\u0105, kt\u00f3ra umie bystro patrze\u0107 i przewidywa\u0107.<\/em> <span class=\"font-sans fs-6 fw-normal\">(Pius XII, Encyklika o \u015awi\u0119tym Andrzeju Boboli)<\/span><\/span><\/p>\n<p class=\"fs-3 font-serif lh-sm color-primary fw-bold\"><span style=\"color: #000000;\"><small class=\"font-sans fw-normal color-text\">Intencja:<\/small><\/span><br \/>\n<span style=\"color: #000000;\"><em>O odnowienie wiary ka\u017cdego z nas, by prowadzi\u0142a do umocnienia ducha naszego narodu.<\/em><\/span><\/p>\n<\/div>\n<\/div>\n<div class=\"col-md-12\">\n<div class=\"p-4 card mb-3\">\n<p class=\"fs-5 fw-bold\"><span style=\"color: #000000;\">Dzie\u0144 2 <\/span><br \/>\n<span style=\"color: #000000;\"><small class=\"color-primary\">17 marca (niedziela)<\/small><\/span><\/p>\n<p class=\"fs-5 font-serif lh-sm fw-bold\"><span style=\"color: #000000;\"><em>Modlimy si\u0119 o nadziej\u0119 na lepsze jutro, o pojednanie narodu w duchu mi\u0142o\u015bci&#8230; Z\u0142o dobrem zwyci\u0119\u017caj.<\/em> <span class=\"font-sans fs-6 fw-normal\">(b\u0142. ks. Jerzy Popie\u0142uszko)<\/span><\/span><\/p>\n<p class=\"fs-3 font-serif lh-sm color-primary fw-bold\"><span style=\"color: #000000;\"><small class=\"font-sans fw-normal color-text\">Intencja:<\/small><\/span><br \/>\n<span style=\"color: #000000;\"><em>M\u00f3dlmy si\u0119 o pojednanie narodowe, m\u0105dro\u015b\u0107 dla rz\u0105dz\u0105cych i solidarno\u015b\u0107 spo\u0142eczn\u0105.<\/em><\/span><\/p>\n<\/div>\n<\/div>\n<div class=\"col-md-12\">\n<div class=\"p-4 card mb-3\">\n<p class=\"fs-5 fw-bold\"><span style=\"color: #000000;\">Dzie\u0144 3 <\/span><br \/>\n<span style=\"color: #000000;\"><small class=\"color-primary\">18 marca (poniedzia\u0142ek)<\/small><\/span><\/p>\n<p class=\"fs-5 font-serif lh-sm fw-bold\"><span style=\"color: #000000;\"><em>Warunkiem pokoju w sumieniu, pokoju w rodzinie, pokoju w Ojczy\u017anie i \u015bwiecie jest sprawiedliwo\u015b\u0107 oparta na mi\u0142o\u015bci.<\/em> <span class=\"font-sans fs-6 fw-normal\">(b\u0142. ks. Jerzy Popie\u0142uszko)<\/span><\/span><\/p>\n<p class=\"fs-3 font-serif lh-sm color-primary fw-bold\"><span style=\"color: #000000;\"><small class=\"font-sans fw-normal color-text\">Intencja:<\/small><\/span><br \/>\n<span style=\"color: #000000;\"><em>M\u00f3dlmy si\u0119 o zachowanie pokoju i bezpieczn\u0105 przysz\u0142o\u015b\u0107 dla Polski.<\/em><\/span><\/p>\n<\/div>\n<\/div>\n<div class=\"col-md-12\">\n<div class=\"p-4 card mb-3\">\n<p class=\"fs-5 fw-bold\"><span style=\"color: #000000;\">Dzie\u0144 4 <\/span><br \/>\n<span style=\"color: #000000;\"><small class=\"color-primary\">19 marca (wtorek)<\/small><\/span><\/p>\n<p class=\"fs-5 font-serif lh-sm fw-bold\"><span style=\"color: #000000;\"><em>Mi\u0142o\u015b\u0107 i Prawd\u0119 mo\u017cna ukrzy\u017cowa\u0107, ale nie mo\u017cna zabi\u0107.<\/em> <span class=\"font-sans fs-6 fw-normal\">(b\u0142. ks. Jerzy Popie\u0142uszko)<\/span><\/span><\/p>\n<p class=\"fs-3 font-serif lh-sm color-primary fw-bold\"><span style=\"color: #000000;\"><small class=\"font-sans fw-normal color-text\">Intencja:<\/small><\/span><br \/>\n<span style=\"color: #000000;\"><em>M\u00f3dlmy si\u0119 o odczytanie prawdziwej roli m\u0119\u017cczyzny i kobiety w ma\u0142\u017ce\u0144stwie oraz trwa\u0142o\u015b\u0107 rodzin.<\/em><\/span><\/p>\n<\/div>\n<\/div>\n<div class=\"col-md-12\">\n<div class=\"p-4 card mb-3\">\n<p class=\"fs-5 fw-bold\"><span style=\"color: #000000;\">Dzie\u0144 5 <\/span><br \/>\n<span style=\"color: #000000;\"><small class=\"color-primary\">20 marca (\u015broda)<\/small><\/span><\/p>\n<p class=\"fs-5 font-serif lh-sm fw-bold\"><span style=\"color: #000000;\"><em>Wiara niech b\u0119dzie przepasaniem bioder waszych; niech ona g\u0142oszona b\u0119dzie po ca\u0142ym \u015bwiecie, niech dla was i dla wszystkich b\u0119dzie tym zwyci\u0119stwem, kt\u00f3re zwyci\u0119\u017ca \u015bwiat.<\/em> <span class=\"font-sans fs-6 fw-normal\">(Pius XII, Encyklika o \u015awi\u0119tym Andrzeju Boboli)<\/span><\/span><\/p>\n<p class=\"fs-3 font-serif lh-sm color-primary fw-bold\"><span style=\"color: #000000;\"><small class=\"font-sans fw-normal color-text\">Intencja:<\/small><\/span><br \/>\n<span style=\"color: #000000;\"><em>M\u00f3dlmy si\u0119 o si\u0142\u0119 i odwag\u0119 dla m\u0142odych w odkrywaniu wiary i \u017cyciowego powo\u0142ania.<\/em><\/span><\/p>\n<\/div>\n<\/div>\n<div class=\"col-md-12\">\n<div class=\"p-4 card mb-3\">\n<p class=\"fs-5 fw-bold\"><span style=\"color: #000000;\">Dzie\u0144 6 <\/span><br \/>\n<span style=\"color: #000000;\"><small class=\"color-primary\">21 marca (czwartek)<\/small><\/span><\/p>\n<p class=\"fs-5 font-serif lh-sm fw-bold\"><span style=\"color: #000000;\"><em>Dzisiaj potrzeba nam odwa\u017cnego upominania si\u0119 dla Narodu o prawo do Boga, do mi\u0142o\u015bci, do wolno\u015bci sumie\u0144, do kultury i dziedzictwa rodzimego. Nie mo\u017cna tworzy\u0107 dziej\u00f3w bez dziej\u00f3w.<\/em> <span class=\"font-sans fs-6 fw-normal\">(b\u0142. ks. Jerzy Popie\u0142uszko)<\/span><\/span><\/p>\n<p class=\"fs-3 font-serif lh-sm color-primary fw-bold\"><span style=\"color: #000000;\"><small class=\"font-sans fw-normal color-text\">Intencja:<\/small><\/span><br \/>\n<span style=\"color: #000000;\"><em>M\u00f3dlmy si\u0119 o \u015bwiat\u0142o dla nas jako narodu, by\u015bmy kierowali si\u0119 zawsze dobrem Ojczyzny.<\/em><\/span><\/p>\n<\/div>\n<\/div>\n<div class=\"col-md-12\">\n<div class=\"p-4 card mb-3\">\n<p class=\"fs-5 fw-bold\"><span style=\"color: #000000;\">Dzie\u0144 7 <\/span><br \/>\n<span style=\"color: #000000;\"><small class=\"color-primary\">22 marca (pi\u0105tek)<\/small><\/span><\/p>\n<p class=\"fs-5 font-serif lh-sm fw-bold\"><span style=\"color: #000000;\"><em>Postawmy prawd\u0119 na pierwszym miejscu, je\u015bli nie chcemy, by nasze sumienie poros\u0142o ple\u015bni\u0105.<\/em> <span class=\"font-sans fs-6 fw-normal\">(b\u0142. ks. Jerzy Popie\u0142uszko)<\/span><\/span><\/p>\n<p class=\"fs-3 font-serif lh-sm color-primary fw-bold\"><span style=\"color: #000000;\"><small class=\"font-sans fw-normal color-text\">Intencja:<\/small><\/span><br \/>\n<span style=\"color: #000000;\"><em>M\u00f3dlmy si\u0119 o prawd\u0119 i odpowiedzialno\u015b\u0107 za s\u0142owo w przestrzeni medialnej, tak\u017ce w mediach spo\u0142eczno\u015bciowych.<\/em><\/span><\/p>\n<\/div>\n<\/div>\n<div class=\"col-md-12\">\n<div class=\"p-4 card mb-3\">\n<p class=\"fs-5 fw-bold\"><span style=\"color: #000000;\">Dzie\u0144 8 <\/span><br \/>\n<span style=\"color: #000000;\"><small class=\"color-primary\">23 marca (sobota)<\/small><\/span><\/p>\n<p class=\"fs-5 font-serif lh-sm fw-bold\"><span style=\"color: #000000;\"><em>M\u00f3dlmy si\u0119, aby\u015bmy byli wolni od l\u0119ku, zastraszenia, ale przede wszystkim od \u017c\u0105dzy odwetu i przemocy.<\/em> <span class=\"font-sans fs-6 fw-normal\">(b\u0142. ks. Jerzy Popie\u0142uszko)<\/span><\/span><\/p>\n<p class=\"fs-3 font-serif lh-sm color-primary fw-bold\"><span style=\"color: #000000;\"><small class=\"font-sans fw-normal color-text\">Intencja:<\/small><\/span><br \/>\n<span style=\"color: #000000;\"><em>M\u00f3dlmy si\u0119 o szacunek i j\u0119zyk dialogu w przestrzeni publicznej.<\/em><\/span><\/p>\n<\/div>\n<\/div>\n<div class=\"col-md-12\">\n<div class=\"p-4 card mb-3\">\n<p class=\"fs-5 fw-bold\"><span style=\"color: #000000;\">Dzie\u0144 9 <\/span><br \/>\n<span style=\"color: #000000;\"><small class=\"color-primary\">24 marca (niedziela)<\/small><\/span><\/p>\n<p class=\"fs-5 font-serif lh-sm fw-bold\"><span style=\"color: #000000;\"><em>Zadaniem Ko\u015bcio\u0142a jest nie tylko teoretyczne g\u0142oszenie \u015bwi\u0119to\u015bci \u017cycia, prawa do \u017cycia nienarodzonych, lecz&nbsp;tak\u017ce praktyczna obrona tego prawa. Istnieje pilna potrzeba podejmowania konkretnych inicjatyw maj\u0105cych na celu udzielanie pomocy samotnym matkom, dziewcz\u0119tom w ci\u0105\u017cy, kt\u00f3re wahaj\u0105 si\u0119, czy urodzi\u0107 dziecko<\/em> <span class=\"font-sans fs-6 fw-normal\">(b\u0142. ks. Jerzy Popie\u0142uszko)<\/span><\/span><\/p>\n<p class=\"fs-3 font-serif lh-sm color-primary fw-bold\"><span style=\"color: #000000;\"><small class=\"font-sans fw-normal color-text\">Intencja:<\/small><\/span><br \/>\n<span style=\"color: #000000;\"><em>M\u00f3dlmy si\u0119 o pe\u0142n\u0105 ochron\u0119 prawn\u0105 \u017cycia dzieci nienarodzonych.<\/em><\/span><\/p>\n<\/div>\n<\/div>\n<\/div>\n<\/div>\n<\/div>\n<\/div>\n<p><span style=\"color: #000000;\">Wszelkie informacje dotycz\u0105ce nowenny znajduj\u0105 si\u0119 na stronie: <a style=\"color: #000000;\" href=\"http:\/\/www.nowenna2120.pl\">nowenna2120.pl<\/a>.<\/span><\/p>\n<div id=\"modlitwa\" class=\"section\">\n<div class=\"theme-services\">\n<div class=\"container\">\n<div class=\"row\">\n<div class=\"col-md-12\"><strong><span class=\"heading-meta\" style=\"color: #000000;\">&nbsp;<\/span><\/strong><\/div>\n<div class=\"col-md-12\"><strong><span class=\"heading-meta\" style=\"color: #000000;\"><br \/>\n<\/span><\/strong><\/p>\n<h3 class=\"theme-heading color-primary\"><span style=\"color: #000000;\">Jak si\u0119 modli\u0107<\/span><\/h3>\n<p>&nbsp;<\/p>\n<\/div>\n<\/div>\n<div class=\"row\">\n<div class=\"col-md-12 fs-4\">\n<p class=\"font-serif\"><span style=\"color: #000000;\"><em>Znak krzy\u017ca<\/em><\/span><\/p>\n<p><span style=\"color: #000000;\">Odczytanie intencji na dany dzie\u0144<\/span><\/p>\n<p class=\"font-serif\"><span style=\"color: #000000;\"><em>Ojcze nasz&#8230;<\/em><\/span><\/p>\n<p class=\"font-serif\"><span style=\"color: #000000;\"><em>Zdrowa\u015b Maryjo&#8230;<\/em><\/span><\/p>\n<p><span style=\"color: #000000;\">Dowolna Modlitwa w intencji Ojczyzny (sugerowana <em>Modlitwa za Ojczyzn\u0119<\/em> <a class=\"color-primary fw-bold\" style=\"color: #000000;\" href=\"https:\/\/www.niedziela.pl\/artykul\/160616\/nd\/Kochal-Polske\" target=\"niedziela\" rel=\"noopener\">ks. Piotra Skargi SJ<\/a>)<\/span><\/p>\n<p class=\"font-serif\"><span style=\"color: #000000;\"><strong>Modlitwa za Ojczyzn\u0119<\/strong> <\/span><br \/>\n<span style=\"color: #000000;\"><em>Bo\u017ce, Rz\u0105dco i Panie narod\u00f3w,<br \/>\nz r\u0119ki i karno\u015bci Twojej racz nas nie wypuszcza\u0107,<br \/>\na za przyczyn\u0105 Naj\u015bwi\u0119tszej Panny, Kr\u00f3lowej naszej,<br \/>\nb\u0142ogos\u0142aw Ojczy\u017anie naszej, by Tobie zawsze wierna,<br \/>\nchwa\u0142\u0119 przynios\u0142a Imieniu Twemu,<br \/>\na syny swe wiod\u0142a ku szcz\u0119\u015bliwo\u015bci.<br \/>\nWszechmog\u0105cy wieczny Bo\u017ce,<br \/>\nspu\u015b\u0107 nam szerok\u0105 i g\u0142\u0119bok\u0105 mi\u0142o\u015b\u0107 ku braciom<br \/>\ni najmilszej Matce, Ojczy\u017anie naszej,<br \/>\nby\u015bmy jej i ludowi Twemu,<br \/>\nswoich po\u017cytk\u00f3w zapomniawszy,<br \/>\nmogli s\u0142u\u017cy\u0107 uczciwie.<br \/>\nZe\u015blij Ducha \u015awi\u0119tego na s\u0142ugi Twoje,<br \/>\nrz\u0105dy kraju naszego sprawuj\u0105ce, by wedle woli Twojej ludem sobie powierzonym<br \/>\nm\u0105drze i sprawiedliwie zdo\u0142ali kierowa\u0107.<br \/>\nPrzez Chrystusa, Pana naszego.<br \/>\nAmen.<\/em><\/span><\/p>\n<\/div>\n<\/div>\n<\/div>\n<\/div>\n<\/div>\n<p>&nbsp;<\/p>\n","protected":false},"excerpt":{"rendered":"<p>Przewodnicz\u0105cy Konferencji Episkopatu Polski abp Stanis\u0142aw G\u0105decki zaprasza do w\u0142\u0105czenia si\u0119 w modlitw\u0119 nowennow\u0105 \u201eAkcja 21:20\u201d. B\u0119dzie to odmawiana po Apelu Jasnog\u00f3rskim modlitwa w intencji Ojczyzny, zgody narodowej i poszanowania \u017cycia ludzkiego, zanoszona za wstawiennictwem \u015bw. Andrzeja Boboli i b\u0142. ks. Jerzego Popie\u0142uszki. Nowenna rozpocznie si\u0119 16 marca a zako\u0144czy 24 marca, przed przypadaj\u0105cym 25&hellip; <br \/> <a class=\"read-more\" href=\"https:\/\/nspj.wroclaw.pl\/new\/modlitwa-nowennowa-w-intencji-ojczyzny-akcja-2120\/\">Dowiedz si\u0119 wi\u0119cej<\/a><\/p>\n","protected":false},"author":1,"featured_media":7566,"comment_status":"closed","ping_status":"closed","sticky":false,"template":"","format":"standard","meta":{"ngg_post_thumbnail":0,"footnotes":""},"categories":[1],"tags":[],"class_list":["post-7562","post","type-post","status-publish","format-standard","has-post-thumbnail","hentry","category-aktualnosci"],"aioseo_notices":[],"_links":{"self":[{"href":"https:\/\/nspj.wroclaw.pl\/new\/wp-json\/wp\/v2\/posts\/7562","targetHints":{"allow":["GET"]}}],"collection":[{"href":"https:\/\/nspj.wroclaw.pl\/new\/wp-json\/wp\/v2\/posts"}],"about":[{"href":"https:\/\/nspj.wroclaw.pl\/new\/wp-json\/wp\/v2\/types\/post"}],"author":[{"embeddable":true,"href":"https:\/\/nspj.wroclaw.pl\/new\/wp-json\/wp\/v2\/users\/1"}],"replies":[{"embeddable":true,"href":"https:\/\/nspj.wroclaw.pl\/new\/wp-json\/wp\/v2\/comments?post=7562"}],"version-history":[{"count":6,"href":"https:\/\/nspj.wroclaw.pl\/new\/wp-json\/wp\/v2\/posts\/7562\/revisions"}],"predecessor-version":[{"id":7570,"href":"https:\/\/nspj.wroclaw.pl\/new\/wp-json\/wp\/v2\/posts\/7562\/revisions\/7570"}],"wp:featuredmedia":[{"embeddable":true,"href":"https:\/\/nspj.wroclaw.pl\/new\/wp-json\/wp\/v2\/media\/7566"}],"wp:attachment":[{"href":"https:\/\/nspj.wroclaw.pl\/new\/wp-json\/wp\/v2\/media?parent=7562"}],"wp:term":[{"taxonomy":"category","embeddable":true,"href":"https:\/\/nspj.wroclaw.pl\/new\/wp-json\/wp\/v2\/categories?post=7562"},{"taxonomy":"post_tag","embeddable":true,"href":"https:\/\/nspj.wroclaw.pl\/new\/wp-json\/wp\/v2\/tags?post=7562"}],"curies":[{"name":"wp","href":"https:\/\/api.w.org\/{rel}","templated":true}]}}