{"id":7559,"date":"2024-03-17T17:53:12","date_gmt":"2024-03-17T16:53:12","guid":{"rendered":"https:\/\/nspj.wroclaw.pl\/new\/?p=7559"},"modified":"2024-03-18T13:42:53","modified_gmt":"2024-03-18T12:42:53","slug":"warsztaty-plastyczne-palmy-dekoracje-swiateczne","status":"publish","type":"post","link":"https:\/\/nspj.wroclaw.pl\/new\/warsztaty-plastyczne-palmy-dekoracje-swiateczne\/","title":{"rendered":"Warsztaty Plastyczne &#8211; Palmy \/ Dekoracje \u015awi\u0105teczne"},"content":{"rendered":"<p><span style=\"color: #000000;\"><strong>22 i 23 marca <\/strong>czyli<strong> w pi\u0105tek i w sobot\u0119<\/strong> \u2013 zapraszamy od 18.00 na warsztaty, w ramach kt\u00f3rych zostan\u0105 przygotowane PALMY oraz dekoracje na&nbsp;<strong><em>Kiermasz Wielkanocny, kt\u00f3ry tradycyjnie odb\u0119dzie si\u0119 w Niedziel\u0119 Palmow\u0105.<\/em> <\/strong>Doch\u00f3d z kiermaszu b\u0119dzie przeznaczony na dzia\u0142alno\u015b\u0107 grupy dzieci\u0119co-m\u0142odzie\u017cowej np. zakup materia\u0142\u00f3w do zaj\u0119\u0107, dzia\u0142alno\u015b\u0107 teatraln\u0105, organizacj\u0119 zaplanowanych wydarze\u0144.<\/span><\/p>\n","protected":false},"excerpt":{"rendered":"<p>22 i 23 marca czyli w pi\u0105tek i w sobot\u0119 \u2013 zapraszamy od 18.00 na warsztaty, w ramach kt\u00f3rych zostan\u0105 przygotowane PALMY oraz dekoracje na&nbsp;Kiermasz Wielkanocny, kt\u00f3ry tradycyjnie odb\u0119dzie si\u0119 w Niedziel\u0119 Palmow\u0105. Doch\u00f3d z kiermaszu b\u0119dzie przeznaczony na dzia\u0142alno\u015b\u0107 grupy dzieci\u0119co-m\u0142odzie\u017cowej np. zakup materia\u0142\u00f3w do zaj\u0119\u0107, dzia\u0142alno\u015b\u0107 teatraln\u0105, organizacj\u0119 zaplanowanych wydarze\u0144.<\/p>\n","protected":false},"author":1,"featured_media":7560,"comment_status":"closed","ping_status":"closed","sticky":false,"template":"","format":"standard","meta":{"ngg_post_thumbnail":0,"footnotes":""},"categories":[1],"tags":[],"class_list":["post-7559","post","type-post","status-publish","format-standard","has-post-thumbnail","hentry","category-aktualnosci"],"aioseo_notices":[],"_links":{"self":[{"href":"https:\/\/nspj.wroclaw.pl\/new\/wp-json\/wp\/v2\/posts\/7559","targetHints":{"allow":["GET"]}}],"collection":[{"href":"https:\/\/nspj.wroclaw.pl\/new\/wp-json\/wp\/v2\/posts"}],"about":[{"href":"https:\/\/nspj.wroclaw.pl\/new\/wp-json\/wp\/v2\/types\/post"}],"author":[{"embeddable":true,"href":"https:\/\/nspj.wroclaw.pl\/new\/wp-json\/wp\/v2\/users\/1"}],"replies":[{"embeddable":true,"href":"https:\/\/nspj.wroclaw.pl\/new\/wp-json\/wp\/v2\/comments?post=7559"}],"version-history":[{"count":1,"href":"https:\/\/nspj.wroclaw.pl\/new\/wp-json\/wp\/v2\/posts\/7559\/revisions"}],"predecessor-version":[{"id":7561,"href":"https:\/\/nspj.wroclaw.pl\/new\/wp-json\/wp\/v2\/posts\/7559\/revisions\/7561"}],"wp:featuredmedia":[{"embeddable":true,"href":"https:\/\/nspj.wroclaw.pl\/new\/wp-json\/wp\/v2\/media\/7560"}],"wp:attachment":[{"href":"https:\/\/nspj.wroclaw.pl\/new\/wp-json\/wp\/v2\/media?parent=7559"}],"wp:term":[{"taxonomy":"category","embeddable":true,"href":"https:\/\/nspj.wroclaw.pl\/new\/wp-json\/wp\/v2\/categories?post=7559"},{"taxonomy":"post_tag","embeddable":true,"href":"https:\/\/nspj.wroclaw.pl\/new\/wp-json\/wp\/v2\/tags?post=7559"}],"curies":[{"name":"wp","href":"https:\/\/api.w.org\/{rel}","templated":true}]}}