{"id":7406,"date":"2024-01-09T21:57:57","date_gmt":"2024-01-09T20:57:57","guid":{"rendered":"https:\/\/nspj.wroclaw.pl\/new\/?p=7406"},"modified":"2024-03-03T14:51:14","modified_gmt":"2024-03-03T13:51:14","slug":"jaselka-6-stycznia-2024","status":"publish","type":"post","link":"https:\/\/nspj.wroclaw.pl\/new\/jaselka-6-stycznia-2024\/","title":{"rendered":"Jase\u0142ka 6 stycznia 2024"},"content":{"rendered":"<p><span style=\"color: #000000;\">W dniu 6 stycznia 2024, po raz pierwszy, w Auli Domu Parafialnego im \u015aw Jana Paw\u0142a II, dzieci i m\u0142odzie\u017c z naszej parafii przedstawi\u0142y tradycyjne <strong>Jase\u0142ka. <\/strong>Bardzo licznie przybyli go\u015bcie zostali pocz\u0119stowani zimow\u0105 herbatk\u0105 i s\u0142odkimi wypiekami. Spotkanie by\u0142o przeplatane wsp\u00f3lnym kol\u0119dowaniem przy muzyce wykonywanej na \u017cywo.&nbsp;<br \/>\n<\/span><\/p>\nngg_shortcode_0_placeholder\n<p>&nbsp;<br \/>\n<iframe loading=\"lazy\" title=\"YouTube video player\" src=\"https:\/\/www.youtube.com\/embed\/Hs27cgITOUE?si=jOY-33YG04APePIP\" width=\"580\" height=\"335\" frameborder=\"0\" allowfullscreen=\"allowfullscreen\"><\/iframe><\/p>\n","protected":false},"excerpt":{"rendered":"<p>W dniu 6 stycznia 2024, po raz pierwszy, w Auli Domu Parafialnego im \u015aw Jana Paw\u0142a II, dzieci i m\u0142odzie\u017c z naszej parafii przedstawi\u0142y tradycyjne Jase\u0142ka. Bardzo licznie przybyli go\u015bcie zostali pocz\u0119stowani zimow\u0105 herbatk\u0105 i s\u0142odkimi wypiekami. Spotkanie by\u0142o przeplatane wsp\u00f3lnym kol\u0119dowaniem przy muzyce wykonywanej na \u017cywo.&nbsp; &nbsp; &nbsp;<\/p>\n","protected":false},"author":1,"featured_media":7432,"comment_status":"closed","ping_status":"closed","sticky":false,"template":"","format":"standard","meta":{"ngg_post_thumbnail":0,"footnotes":""},"categories":[15],"tags":[],"class_list":["post-7406","post","type-post","status-publish","format-standard","has-post-thumbnail","hentry","category-galeria"],"aioseo_notices":[],"_links":{"self":[{"href":"https:\/\/nspj.wroclaw.pl\/new\/wp-json\/wp\/v2\/posts\/7406","targetHints":{"allow":["GET"]}}],"collection":[{"href":"https:\/\/nspj.wroclaw.pl\/new\/wp-json\/wp\/v2\/posts"}],"about":[{"href":"https:\/\/nspj.wroclaw.pl\/new\/wp-json\/wp\/v2\/types\/post"}],"author":[{"embeddable":true,"href":"https:\/\/nspj.wroclaw.pl\/new\/wp-json\/wp\/v2\/users\/1"}],"replies":[{"embeddable":true,"href":"https:\/\/nspj.wroclaw.pl\/new\/wp-json\/wp\/v2\/comments?post=7406"}],"version-history":[{"count":7,"href":"https:\/\/nspj.wroclaw.pl\/new\/wp-json\/wp\/v2\/posts\/7406\/revisions"}],"predecessor-version":[{"id":7544,"href":"https:\/\/nspj.wroclaw.pl\/new\/wp-json\/wp\/v2\/posts\/7406\/revisions\/7544"}],"wp:featuredmedia":[{"embeddable":true,"href":"https:\/\/nspj.wroclaw.pl\/new\/wp-json\/wp\/v2\/media\/7432"}],"wp:attachment":[{"href":"https:\/\/nspj.wroclaw.pl\/new\/wp-json\/wp\/v2\/media?parent=7406"}],"wp:term":[{"taxonomy":"category","embeddable":true,"href":"https:\/\/nspj.wroclaw.pl\/new\/wp-json\/wp\/v2\/categories?post=7406"},{"taxonomy":"post_tag","embeddable":true,"href":"https:\/\/nspj.wroclaw.pl\/new\/wp-json\/wp\/v2\/tags?post=7406"}],"curies":[{"name":"wp","href":"https:\/\/api.w.org\/{rel}","templated":true}]}}