{"id":7373,"date":"2024-01-04T23:39:36","date_gmt":"2024-01-04T22:39:36","guid":{"rendered":"https:\/\/nspj.wroclaw.pl\/new\/?p=7373"},"modified":"2024-01-06T11:30:32","modified_gmt":"2024-01-06T10:30:32","slug":"zaproszenie-swiateczne-spotkanie-koledowe-jaselka","status":"publish","type":"post","link":"https:\/\/nspj.wroclaw.pl\/new\/zaproszenie-swiateczne-spotkanie-koledowe-jaselka\/","title":{"rendered":"Zaproszenie: \u015awi\u0105teczne spotkanie kol\u0119dowe &#8211; Jase\u0142ka"},"content":{"rendered":"<p style=\"text-align: left;\"><span style=\"color: #000000;\">Serdecznie zapraszamy na <strong>\u015bwi\u0105teczne spotkanie kol\u0119dowe, <\/strong>kt\u00f3re odb\u0119dzie si\u0119 w sobot\u0119 6 stycznia o godz 16:00 w Auli Domu Parafialnego. Dzieci i m\u0142odzie\u017c z naszej parafii wystawi\u0105 tradycyjne <strong>Jase\u0142ka<\/strong>, przybyli go\u015bcie zostan\u0105 pocz\u0119stowani zimow\u0105 herbatk\u0105 i ciastkiem. Spotkanie b\u0119dzie przeplatane wsp\u00f3lnym kol\u0119dowaniem przy muzyce wykonywanej na \u017cywo.<\/span><\/p>\n","protected":false},"excerpt":{"rendered":"<p>Serdecznie zapraszamy na \u015bwi\u0105teczne spotkanie kol\u0119dowe, kt\u00f3re odb\u0119dzie si\u0119 w sobot\u0119 6 stycznia o godz 16:00 w Auli Domu Parafialnego. Dzieci i m\u0142odzie\u017c z naszej parafii wystawi\u0105 tradycyjne Jase\u0142ka, przybyli go\u015bcie zostan\u0105 pocz\u0119stowani zimow\u0105 herbatk\u0105 i ciastkiem. Spotkanie b\u0119dzie przeplatane wsp\u00f3lnym kol\u0119dowaniem przy muzyce wykonywanej na \u017cywo.<\/p>\n","protected":false},"author":1,"featured_media":7380,"comment_status":"closed","ping_status":"closed","sticky":false,"template":"","format":"standard","meta":{"ngg_post_thumbnail":0,"footnotes":""},"categories":[1],"tags":[],"class_list":["post-7373","post","type-post","status-publish","format-standard","has-post-thumbnail","hentry","category-aktualnosci"],"aioseo_notices":[],"_links":{"self":[{"href":"https:\/\/nspj.wroclaw.pl\/new\/wp-json\/wp\/v2\/posts\/7373","targetHints":{"allow":["GET"]}}],"collection":[{"href":"https:\/\/nspj.wroclaw.pl\/new\/wp-json\/wp\/v2\/posts"}],"about":[{"href":"https:\/\/nspj.wroclaw.pl\/new\/wp-json\/wp\/v2\/types\/post"}],"author":[{"embeddable":true,"href":"https:\/\/nspj.wroclaw.pl\/new\/wp-json\/wp\/v2\/users\/1"}],"replies":[{"embeddable":true,"href":"https:\/\/nspj.wroclaw.pl\/new\/wp-json\/wp\/v2\/comments?post=7373"}],"version-history":[{"count":2,"href":"https:\/\/nspj.wroclaw.pl\/new\/wp-json\/wp\/v2\/posts\/7373\/revisions"}],"predecessor-version":[{"id":7376,"href":"https:\/\/nspj.wroclaw.pl\/new\/wp-json\/wp\/v2\/posts\/7373\/revisions\/7376"}],"wp:featuredmedia":[{"embeddable":true,"href":"https:\/\/nspj.wroclaw.pl\/new\/wp-json\/wp\/v2\/media\/7380"}],"wp:attachment":[{"href":"https:\/\/nspj.wroclaw.pl\/new\/wp-json\/wp\/v2\/media?parent=7373"}],"wp:term":[{"taxonomy":"category","embeddable":true,"href":"https:\/\/nspj.wroclaw.pl\/new\/wp-json\/wp\/v2\/categories?post=7373"},{"taxonomy":"post_tag","embeddable":true,"href":"https:\/\/nspj.wroclaw.pl\/new\/wp-json\/wp\/v2\/tags?post=7373"}],"curies":[{"name":"wp","href":"https:\/\/api.w.org\/{rel}","templated":true}]}}