{"id":7306,"date":"2023-12-20T20:36:07","date_gmt":"2023-12-20T19:36:07","guid":{"rendered":"https:\/\/nspj.wroclaw.pl\/new\/?p=7306"},"modified":"2023-12-20T20:37:13","modified_gmt":"2023-12-20T19:37:13","slug":"odwiedziny-skautow-europy-wedrownikow-w-dniu-12-grudnia-2023","status":"publish","type":"post","link":"https:\/\/nspj.wroclaw.pl\/new\/odwiedziny-skautow-europy-wedrownikow-w-dniu-12-grudnia-2023\/","title":{"rendered":"Odwiedziny \u201eSkaut\u00f3w Europy\u201d &#8211; w\u0119drownik\u00f3w w dniu 12 grudnia 2023"},"content":{"rendered":"<p><span style=\"color: #000000;\">12 grudnia 2023 go\u015bcili\u015bmy w naszej parafii Skaut\u00f3w Europy, tzw. <strong>w\u0119drownik\u00f3w<\/strong>, a wi\u0119c m\u0142odzie\u017c maj\u0105c\u0105 17 lat lub wi\u0119cej wywodz\u0105c\u0105 si\u0119 z 11 szczepu im. \u015bw. Jana Paw\u0142a II dzia\u0142aj\u0105cego przy parafii \u015aw. Jana Aposto\u0142a we Wroc\u0142awiu-Zakrzowie.<\/span><\/p>\n<p><span style=\"color: #000000;\">Skauci Europy to ruch wychowawczy dla dzieci i m\u0142odzie\u017cy w wieku od 9 do 18 lat, prowadzony przez kadr\u0119 wychowawcz\u0105, kt\u00f3r\u0105 stanowi\u0105 m\u0142odzi w wieku 18-26 lat (i wi\u0119cej) wraz z udzia\u0142em doros\u0142ych oraz rodzic\u00f3w, kt\u00f3rzy pomagaj\u0105 m\u0142odym stworzy\u0107 wielki \u015bwiat m\u0142odzie\u0144czej przygody.<\/span><\/p>\n<p><span style=\"color: #000000;\">Skauci Europy dziel\u0105 si\u0119 na trzy ga\u0142\u0119zie: wilczki (9-12 lat), harcerze (12-17 lat) i w\u0119drownicy (powy\u017cej 17 lat). Ruch dostarcza ka\u017cdemu m\u0142odemu cz\u0142owiekowi mo\u017cliwo\u015bci osobistego rozwoju w pi\u0119ciu dziedzinach:<\/span><\/p>\n<p><span style=\"color: #000000;\">&#8211; zdrowie i sprawno\u015b\u0107 fizyczna,<\/span><\/p>\n<p><span style=\"color: #000000;\">&#8211; zmys\u0142 praktyczny,<\/span><\/p>\n<p><span style=\"color: #000000;\">&#8211; kszta\u0142cenie charakteru,<\/span><\/p>\n<p><span style=\"color: #000000;\">&#8211; zmys\u0142 s\u0142u\u017cby,<\/span><\/p>\n<p><span style=\"color: #000000;\">&#8211; \u017cycie religijne.<\/span><\/p>\n<p><span style=\"color: #000000;\"><strong>W\u0119drownicy<\/strong> to studenci, technicy oraz liceali\u015bci powy\u017cej 17 roku \u017cycia. Przychodz\u0105 do skautingu, aby s\u0142u\u017cy\u0107 m\u0142odszym, jednocze\u015bnie rozwijaj\u0105c siebie. Dwa w jednym: s\u0142u\u017cba oraz formacja. W ten spos\u00f3b m\u0142odzi ludzie zdobywaj\u0105 ogromne do\u015bwiadczenie i sprawiaj\u0105, \u017ce mo\u017cliwym staje si\u0119 g\u0142\u00f3wne zadanie skautingu \u201ewychowanie m\u0142odych przez m\u0142odych\u201d.<\/span><\/p>\n<p><span style=\"color: #000000;\">Wi\u0119cej na temat Skaut\u00f3w Europy mo\u017cna znale\u017a\u0107 m.in. na stronach:<\/span><\/p>\n<p><span style=\"color: #000000;\"><a style=\"color: #000000;\" href=\"http:\/\/www.swjanzakrzow.archidiecezja.wroc.pl\/?page_id=104\">http:\/\/www.swjanzakrzow.archidiecezja.wroc.pl\/?page_id=104<\/a><\/span><\/p>\n<p><span style=\"color: #000000;\"><a style=\"color: #000000;\" href=\"https:\/\/skauci-europy.pl\/portfolio\/wedrownicy\/\">https:\/\/skauci-europy.pl\/portfolio\/wedrownicy\/<\/a><\/span><\/p>\n<div id=\"attachment_7307\" style=\"width: 310px\" class=\"wp-caption alignnone\"><img loading=\"lazy\" decoding=\"async\" aria-describedby=\"caption-attachment-7307\" class=\"wp-image-7307 size-full\" src=\"https:\/\/nspj.wroclaw.pl\/new\/wp-content\/uploads\/2023\/12\/logo-Skautow-Europy.png\" alt=\"\" width=\"300\" height=\"291\" srcset=\"https:\/\/nspj.wroclaw.pl\/new\/wp-content\/uploads\/2023\/12\/logo-Skautow-Europy.png 300w, https:\/\/nspj.wroclaw.pl\/new\/wp-content\/uploads\/2023\/12\/logo-Skautow-Europy-165x160.png 165w\" sizes=\"auto, (max-width: 300px) 100vw, 300px\" \/><p id=\"caption-attachment-7307\" class=\"wp-caption-text\"><span style=\"color: #000000;\">Logo Skaut\u00f3w Europy<\/span><\/p><\/div>\n<p><span style=\"color: #000000;\">Jako wsp\u00f3lnota parafii pw. NSPJ jeste\u015bmy bardzo zadowoleni, \u017ce w\u0119drownicy trafili podczas swoich r\u00f3\u017cnych w\u0119dr\u00f3wek r\u00f3wnie\u017c i do naszej parafii. W\u015br\u00f3d nich jest te\u017c jeden nasz parafianin i lektor LSO. Wiemy, \u017ce w\u015br\u00f3d grona harcerzy i wilczk\u00f3w jest r\u00f3wnie\u017c kilka os\u00f3b z naszej parafii nale\u017c\u0105cych do Skaut\u00f3w Europy.<\/span><\/p>\n<p><span style=\"color: #000000;\">Poni\u017cej przedstawiamy relacj\u0119 z pobytu w naszej parafii napisan\u0105 przez jednego z <strong>w\u0119drownik\u00f3w<\/strong>:<\/span><\/p>\n<p><span style=\"color: #000000;\">\u201eJako cz\u0142onkowie Kr\u0119gu \u015awi\u0119tego Jana Nepomucena mieli\u015bmy przyjemno\u015b\u0107 spotka\u0107 si\u0119 12 grudnia 2023 na malowniczych Paw\u0142owicach. Nasze zorganizowane spotkanie mia\u0142o miejsce w ciep\u0142ej atmosferze przy parafii pw. Naj\u015bwi\u0119tszego Serca Pana Jezusa. Zaraz po przybyciu serdecznie powita\u0142 nas ksi\u0105dz wikariusz, kt\u00f3ry wprowadzi\u0142 nas w bogactwo \u017cycia parafialnego. Dowiedzieli\u015bmy si\u0119 o r\u00f3\u017cnorodnych inicjatywach, takich jak Klub Mi\u0142o\u015bnik\u00f3w Gier Planszowych czy Klub Pielgrzymkowo-Turystyczny, kt\u00f3re s\u0105 wa\u017cn\u0105 cz\u0119\u015bci\u0105 tej spo\u0142eczno\u015bci.<\/span><\/p>\n<p><span style=\"color: #000000;\">Ugoszczeni zostali\u015bmy w nowoczesnym Domu Parafialnego imienia \u015bw. Jana Paw\u0142a. Po serdecznej go\u015bcinno\u015bci przysz\u0142a chwila na aktywne uczestnictwo we Mszy \u015awi\u0119tej, gdzie mieli\u015bmy zaszczyt s\u0142u\u017cy\u0107 przy o\u0142tarzu. Po zako\u0144czeniu liturgii czeka\u0142a na nas interesuj\u0105ca rozrywka w postaci gry figurkowej, osadzonej w realiach II wojny \u015bwiatowej. To nie tylko doskona\u0142a okazja do jeszcze g\u0142\u0119bszej integracji w naszym gronie, ale tak\u017ce szansa na poznanie nowego systemu gry i poszerzenie naszej wiedzy historycznej.<\/span><\/p>\n<p><span style=\"color: #000000;\">Na zako\u0144czenie tego pe\u0142nego wra\u017ce\u0144 dnia odby\u0142a si\u0119 rada naszego Kr\u0119gu, gdzie ka\u017cdy m\u00f3g\u0142 podzieli\u0107 si\u0119 swoimi przemy\u015bleniami oraz wsp\u00f3lnie zaplanowali\u015bmy przysz\u0142e aktywno\u015bci. To spotkanie nie tylko dostarczy\u0142o nam wielu cennych do\u015bwiadcze\u0144, ale tak\u017ce wzbogaci\u0142o nasz\u0105 wi\u0119\u017a oraz otworzy\u0142o drzwi do nowych mo\u017cliwo\u015bci.<\/span><\/p>\n<p><span style=\"color: #000000;\">Wszyscy byli\u015bmy zadowoleni tym wyj\u0105tkowym czasem sp\u0119dzonym na Paw\u0142owicach i mamy nadziej\u0119, \u017ce jeszcze kiedy\u015b tam powr\u00f3cimy.\u201d<\/span><\/p>\n<p><img loading=\"lazy\" decoding=\"async\" class=\"alignnone wp-image-7308\" src=\"https:\/\/nspj.wroclaw.pl\/new\/wp-content\/uploads\/2023\/12\/IMG_20231219_143608-300x210.jpg\" alt=\"\" width=\"700\" height=\"491\" srcset=\"https:\/\/nspj.wroclaw.pl\/new\/wp-content\/uploads\/2023\/12\/IMG_20231219_143608-300x210.jpg 300w, https:\/\/nspj.wroclaw.pl\/new\/wp-content\/uploads\/2023\/12\/IMG_20231219_143608-768x538.jpg 768w, https:\/\/nspj.wroclaw.pl\/new\/wp-content\/uploads\/2023\/12\/IMG_20231219_143608-600x421.jpg 600w, https:\/\/nspj.wroclaw.pl\/new\/wp-content\/uploads\/2023\/12\/IMG_20231219_143608-228x160.jpg 228w, https:\/\/nspj.wroclaw.pl\/new\/wp-content\/uploads\/2023\/12\/IMG_20231219_143608.jpg 1000w\" sizes=\"auto, (max-width: 700px) 100vw, 700px\" \/><\/p>\n<p><img loading=\"lazy\" decoding=\"async\" class=\"alignnone wp-image-7309\" src=\"https:\/\/nspj.wroclaw.pl\/new\/wp-content\/uploads\/2023\/12\/IMG20231212200920.jpg\" alt=\"\" width=\"700\" height=\"525\" srcset=\"https:\/\/nspj.wroclaw.pl\/new\/wp-content\/uploads\/2023\/12\/IMG20231212200920.jpg 1000w, https:\/\/nspj.wroclaw.pl\/new\/wp-content\/uploads\/2023\/12\/IMG20231212200920-300x225.jpg 300w, https:\/\/nspj.wroclaw.pl\/new\/wp-content\/uploads\/2023\/12\/IMG20231212200920-768x576.jpg 768w, https:\/\/nspj.wroclaw.pl\/new\/wp-content\/uploads\/2023\/12\/IMG20231212200920-600x450.jpg 600w, https:\/\/nspj.wroclaw.pl\/new\/wp-content\/uploads\/2023\/12\/IMG20231212200920-213x160.jpg 213w\" sizes=\"auto, (max-width: 700px) 100vw, 700px\" \/><\/p>\n","protected":false},"excerpt":{"rendered":"<p>12 grudnia 2023 go\u015bcili\u015bmy w naszej parafii Skaut\u00f3w Europy, tzw. w\u0119drownik\u00f3w, a wi\u0119c m\u0142odzie\u017c maj\u0105c\u0105 17 lat lub wi\u0119cej wywodz\u0105c\u0105 si\u0119 z 11 szczepu im. \u015bw. Jana Paw\u0142a II dzia\u0142aj\u0105cego przy parafii \u015aw. Jana Aposto\u0142a we Wroc\u0142awiu-Zakrzowie. Skauci Europy to ruch wychowawczy dla dzieci i m\u0142odzie\u017cy w wieku od 9 do 18 lat, prowadzony przez&hellip; <br \/> <a class=\"read-more\" href=\"https:\/\/nspj.wroclaw.pl\/new\/odwiedziny-skautow-europy-wedrownikow-w-dniu-12-grudnia-2023\/\">Dowiedz si\u0119 wi\u0119cej<\/a><\/p>\n","protected":false},"author":1,"featured_media":7310,"comment_status":"closed","ping_status":"closed","sticky":false,"template":"","format":"standard","meta":{"ngg_post_thumbnail":0,"footnotes":""},"categories":[1],"tags":[],"class_list":["post-7306","post","type-post","status-publish","format-standard","has-post-thumbnail","hentry","category-aktualnosci"],"aioseo_notices":[],"_links":{"self":[{"href":"https:\/\/nspj.wroclaw.pl\/new\/wp-json\/wp\/v2\/posts\/7306","targetHints":{"allow":["GET"]}}],"collection":[{"href":"https:\/\/nspj.wroclaw.pl\/new\/wp-json\/wp\/v2\/posts"}],"about":[{"href":"https:\/\/nspj.wroclaw.pl\/new\/wp-json\/wp\/v2\/types\/post"}],"author":[{"embeddable":true,"href":"https:\/\/nspj.wroclaw.pl\/new\/wp-json\/wp\/v2\/users\/1"}],"replies":[{"embeddable":true,"href":"https:\/\/nspj.wroclaw.pl\/new\/wp-json\/wp\/v2\/comments?post=7306"}],"version-history":[{"count":3,"href":"https:\/\/nspj.wroclaw.pl\/new\/wp-json\/wp\/v2\/posts\/7306\/revisions"}],"predecessor-version":[{"id":7313,"href":"https:\/\/nspj.wroclaw.pl\/new\/wp-json\/wp\/v2\/posts\/7306\/revisions\/7313"}],"wp:featuredmedia":[{"embeddable":true,"href":"https:\/\/nspj.wroclaw.pl\/new\/wp-json\/wp\/v2\/media\/7310"}],"wp:attachment":[{"href":"https:\/\/nspj.wroclaw.pl\/new\/wp-json\/wp\/v2\/media?parent=7306"}],"wp:term":[{"taxonomy":"category","embeddable":true,"href":"https:\/\/nspj.wroclaw.pl\/new\/wp-json\/wp\/v2\/categories?post=7306"},{"taxonomy":"post_tag","embeddable":true,"href":"https:\/\/nspj.wroclaw.pl\/new\/wp-json\/wp\/v2\/tags?post=7306"}],"curies":[{"name":"wp","href":"https:\/\/api.w.org\/{rel}","templated":true}]}}