{"id":7252,"date":"2023-12-15T20:54:48","date_gmt":"2023-12-15T19:54:48","guid":{"rendered":"https:\/\/nspj.wroclaw.pl\/new\/?p=7252"},"modified":"2023-12-15T21:18:41","modified_gmt":"2023-12-15T20:18:41","slug":"kiermasz-ozdob-swiatecznych-17-12-2023-niedziela","status":"publish","type":"post","link":"https:\/\/nspj.wroclaw.pl\/new\/kiermasz-ozdob-swiatecznych-17-12-2023-niedziela\/","title":{"rendered":"Kiermasz Ozd\u00f3b \u015awi\u0105tecznych &#8211; 17.12.2023 (NIEDZIELA)"},"content":{"rendered":"<p><span style=\"color: #000000;\">17.12.2023 (NIEDZIELA) <strong>w Auli Domu Parafialnego po ka\u017cdej Mszy \u015aw.<\/strong> odb\u0119dzie si\u0119 kiermasz ozd\u00f3b \u015bwi\u0105tecznych. Zapraszamy zar\u00f3wno do jego przygotowania oraz do skorzystania z przygotowanej oferty. <strong>B\u0119dzie mo\u017cna zakupi\u0107 stroiki oraz ozdoby \u015bwi\u0105teczne.<\/strong><\/span><\/p>\n<p><span style=\"color: #000000;\"><strong><br \/>\n<\/strong> Doch\u00f3d z kiermaszu zostanie przeznaczony na dofinansowanie zakupu nag\u0142o\u015bnienia do Auli Domu Parafialnego. Nag\u0142o\u015bnienie, kt\u00f3re planujemy zakupi\u0107 bardzo u\u0142atwi wyst\u0119py artystyczne w Auli Domu Parafialnego. Bardzo nie\u015bmia\u0142o zawi\u0105zuje si\u0119 teatralna grupa dzieci\u0119co m\u0142odzie\u017cowa, kt\u00f3ra ju\u017c da\u0142a si\u0119 pozna\u0107 na biesiadach patriotycznych, a obecnie pracuje nad Jase\u0142kami. Liczymy na wsparcie tej inicjatywy.<\/span><\/p>\n<p><span style=\"color: #000000;\"><img loading=\"lazy\" decoding=\"async\" class=\"alignnone wp-image-7254\" src=\"https:\/\/nspj.wroclaw.pl\/new\/wp-content\/uploads\/2023\/12\/1702669287679-225x300.jpg\" alt=\"\" width=\"350\" height=\"467\" srcset=\"https:\/\/nspj.wroclaw.pl\/new\/wp-content\/uploads\/2023\/12\/1702669287679-225x300.jpg 225w, https:\/\/nspj.wroclaw.pl\/new\/wp-content\/uploads\/2023\/12\/1702669287679-450x600.jpg 450w, https:\/\/nspj.wroclaw.pl\/new\/wp-content\/uploads\/2023\/12\/1702669287679-120x160.jpg 120w, https:\/\/nspj.wroclaw.pl\/new\/wp-content\/uploads\/2023\/12\/1702669287679.jpg 600w\" sizes=\"auto, (max-width: 350px) 100vw, 350px\" \/> <img loading=\"lazy\" decoding=\"async\" class=\"alignnone wp-image-7255\" src=\"https:\/\/nspj.wroclaw.pl\/new\/wp-content\/uploads\/2023\/12\/1702669287709-225x300.jpg\" alt=\"\" width=\"350\" height=\"467\" srcset=\"https:\/\/nspj.wroclaw.pl\/new\/wp-content\/uploads\/2023\/12\/1702669287709-225x300.jpg 225w, https:\/\/nspj.wroclaw.pl\/new\/wp-content\/uploads\/2023\/12\/1702669287709-450x600.jpg 450w, https:\/\/nspj.wroclaw.pl\/new\/wp-content\/uploads\/2023\/12\/1702669287709-120x160.jpg 120w, https:\/\/nspj.wroclaw.pl\/new\/wp-content\/uploads\/2023\/12\/1702669287709.jpg 600w\" sizes=\"auto, (max-width: 350px) 100vw, 350px\" \/><\/span><\/p>\n<p><img loading=\"lazy\" decoding=\"async\" class=\"alignnone wp-image-7263\" src=\"https:\/\/nspj.wroclaw.pl\/new\/wp-content\/uploads\/2023\/12\/kiermasz-ozdob.jpg\" alt=\"\" width=\"700\" height=\"558\" srcset=\"https:\/\/nspj.wroclaw.pl\/new\/wp-content\/uploads\/2023\/12\/kiermasz-ozdob.jpg 800w, https:\/\/nspj.wroclaw.pl\/new\/wp-content\/uploads\/2023\/12\/kiermasz-ozdob-300x239.jpg 300w, https:\/\/nspj.wroclaw.pl\/new\/wp-content\/uploads\/2023\/12\/kiermasz-ozdob-768x612.jpg 768w, https:\/\/nspj.wroclaw.pl\/new\/wp-content\/uploads\/2023\/12\/kiermasz-ozdob-600x479.jpg 600w, https:\/\/nspj.wroclaw.pl\/new\/wp-content\/uploads\/2023\/12\/kiermasz-ozdob-201x160.jpg 201w\" sizes=\"auto, (max-width: 700px) 100vw, 700px\" \/><\/p>\n","protected":false},"excerpt":{"rendered":"<p>17.12.2023 (NIEDZIELA) w Auli Domu Parafialnego po ka\u017cdej Mszy \u015aw. odb\u0119dzie si\u0119 kiermasz ozd\u00f3b \u015bwi\u0105tecznych. Zapraszamy zar\u00f3wno do jego przygotowania oraz do skorzystania z przygotowanej oferty. B\u0119dzie mo\u017cna zakupi\u0107 stroiki oraz ozdoby \u015bwi\u0105teczne. Doch\u00f3d z kiermaszu zostanie przeznaczony na dofinansowanie zakupu nag\u0142o\u015bnienia do Auli Domu Parafialnego. Nag\u0142o\u015bnienie, kt\u00f3re planujemy zakupi\u0107 bardzo u\u0142atwi wyst\u0119py artystyczne w&hellip; <br \/> <a class=\"read-more\" href=\"https:\/\/nspj.wroclaw.pl\/new\/kiermasz-ozdob-swiatecznych-17-12-2023-niedziela\/\">Dowiedz si\u0119 wi\u0119cej<\/a><\/p>\n","protected":false},"author":1,"featured_media":7253,"comment_status":"closed","ping_status":"closed","sticky":false,"template":"","format":"standard","meta":{"ngg_post_thumbnail":0,"footnotes":""},"categories":[1],"tags":[867],"class_list":["post-7252","post","type-post","status-publish","format-standard","has-post-thumbnail","hentry","category-aktualnosci","tag-kiermasz-swiateczny"],"aioseo_notices":[],"_links":{"self":[{"href":"https:\/\/nspj.wroclaw.pl\/new\/wp-json\/wp\/v2\/posts\/7252","targetHints":{"allow":["GET"]}}],"collection":[{"href":"https:\/\/nspj.wroclaw.pl\/new\/wp-json\/wp\/v2\/posts"}],"about":[{"href":"https:\/\/nspj.wroclaw.pl\/new\/wp-json\/wp\/v2\/types\/post"}],"author":[{"embeddable":true,"href":"https:\/\/nspj.wroclaw.pl\/new\/wp-json\/wp\/v2\/users\/1"}],"replies":[{"embeddable":true,"href":"https:\/\/nspj.wroclaw.pl\/new\/wp-json\/wp\/v2\/comments?post=7252"}],"version-history":[{"count":8,"href":"https:\/\/nspj.wroclaw.pl\/new\/wp-json\/wp\/v2\/posts\/7252\/revisions"}],"predecessor-version":[{"id":7264,"href":"https:\/\/nspj.wroclaw.pl\/new\/wp-json\/wp\/v2\/posts\/7252\/revisions\/7264"}],"wp:featuredmedia":[{"embeddable":true,"href":"https:\/\/nspj.wroclaw.pl\/new\/wp-json\/wp\/v2\/media\/7253"}],"wp:attachment":[{"href":"https:\/\/nspj.wroclaw.pl\/new\/wp-json\/wp\/v2\/media?parent=7252"}],"wp:term":[{"taxonomy":"category","embeddable":true,"href":"https:\/\/nspj.wroclaw.pl\/new\/wp-json\/wp\/v2\/categories?post=7252"},{"taxonomy":"post_tag","embeddable":true,"href":"https:\/\/nspj.wroclaw.pl\/new\/wp-json\/wp\/v2\/tags?post=7252"}],"curies":[{"name":"wp","href":"https:\/\/api.w.org\/{rel}","templated":true}]}}