{"id":7231,"date":"2023-12-11T17:09:36","date_gmt":"2023-12-11T16:09:36","guid":{"rendered":"https:\/\/nspj.wroclaw.pl\/new\/?p=7231"},"modified":"2023-12-15T20:46:24","modified_gmt":"2023-12-15T19:46:24","slug":"grudniowe-wydarzenia","status":"publish","type":"post","link":"https:\/\/nspj.wroclaw.pl\/new\/grudniowe-wydarzenia\/","title":{"rendered":"Grudniowe Wydarzenia"},"content":{"rendered":"<p><span style=\"color: #000000;\"><strong>16.12.2023 (SOBOTA) o godzinie 19.00<\/strong> zapraszamy do Domu Parafialnego na spotkanie Op\u0142atkowe organizowane przez Parafi\u0119 i Rad\u0119 Osiedla. Mamy nadziej\u0119, \u017ce to tradycyjne spotkanie wprowadzi nas w bezpo\u015bredni czas przygotowa\u0144 do \u015awiat Bo\u017cego Narodzenia.<br \/>\n<\/span><\/p>\n<hr>\n<p><span style=\"color: #000000;\"><strong>17.12.2023 (NIEDZIELA)<\/strong> w Auli Domu Parafialnego po ka\u017cdej Mszy \u015aw. odb\u0119dzie si\u0119 kiermasz ozd\u00f3b \u015bwi\u0105tecznych. Zapraszamy zar\u00f3wno do jego przygotowania oraz do skorzystania z przygotowanej oferty. B\u0119dzie mo\u017cna zakupi\u0107 stroiki oraz ozdoby \u015bwi\u0105teczne. Doch\u00f3d z kiermaszu zostanie przeznaczony na dofinansowanie zakupu nag\u0142o\u015bnienia do Auli Domu Parafialnego. Nag\u0142o\u015bnienie, kt\u00f3re planujemy zakupi\u0107 bardzo u\u0142atwi wyst\u0119py artystyczne w Auli Domu Parafialnego. Bardzo nie\u015bmia\u0142o zawi\u0105zuje si\u0119 teatralna grupa dzieci\u0119co m\u0142odzie\u017cowa, kt\u00f3ra ju\u017c da\u0142a si\u0119 pozna\u0107 na biesiadach patriotycznych, a obecnie pracuje nad Jase\u0142kami. Liczymy na wsparcie tej inicjatywy.<br \/>\n<\/span><\/p>\n<hr>\n<p><span style=\"color: #000000;\">Pod ch\u00f3rem za dowolna ofiar\u0119 mo\u017cna naby\u0107 <strong>SIANKO NA ST\u00d3\u0141 WIGILIJNY<\/strong>. Jest to inicjatywa pi\u0119knie rozwijaj\u0105cej si\u0119 s\u0142u\u017cby liturgicznej. Doch\u00f3d z \u201esianka\u201d<\/span><span style=\"color: #000000;\"> w po\u0142owie zasili kas\u0119 LSO a w po\u0142owie zostanie przeznaczony na zakup nag\u0142o\u015bnienia.<br \/>\n<\/span><\/p>\n<hr>\n<p><span style=\"color: #000000;\">&nbsp;<\/span><\/p>\n<p>&nbsp;<\/p>\n","protected":false},"excerpt":{"rendered":"<p>16.12.2023 (SOBOTA) o godzinie 19.00 zapraszamy do Domu Parafialnego na spotkanie Op\u0142atkowe organizowane przez Parafi\u0119 i Rad\u0119 Osiedla. Mamy nadziej\u0119, \u017ce to tradycyjne spotkanie wprowadzi nas w bezpo\u015bredni czas przygotowa\u0144 do \u015awiat Bo\u017cego Narodzenia. 17.12.2023 (NIEDZIELA) w Auli Domu Parafialnego po ka\u017cdej Mszy \u015aw. odb\u0119dzie si\u0119 kiermasz ozd\u00f3b \u015bwi\u0105tecznych. Zapraszamy zar\u00f3wno do jego przygotowania oraz&hellip; <br \/> <a class=\"read-more\" href=\"https:\/\/nspj.wroclaw.pl\/new\/grudniowe-wydarzenia\/\">Dowiedz si\u0119 wi\u0119cej<\/a><\/p>\n","protected":false},"author":1,"featured_media":7232,"comment_status":"closed","ping_status":"closed","sticky":false,"template":"","format":"standard","meta":{"ngg_post_thumbnail":0,"footnotes":""},"categories":[1],"tags":[],"class_list":["post-7231","post","type-post","status-publish","format-standard","has-post-thumbnail","hentry","category-aktualnosci"],"aioseo_notices":[],"_links":{"self":[{"href":"https:\/\/nspj.wroclaw.pl\/new\/wp-json\/wp\/v2\/posts\/7231","targetHints":{"allow":["GET"]}}],"collection":[{"href":"https:\/\/nspj.wroclaw.pl\/new\/wp-json\/wp\/v2\/posts"}],"about":[{"href":"https:\/\/nspj.wroclaw.pl\/new\/wp-json\/wp\/v2\/types\/post"}],"author":[{"embeddable":true,"href":"https:\/\/nspj.wroclaw.pl\/new\/wp-json\/wp\/v2\/users\/1"}],"replies":[{"embeddable":true,"href":"https:\/\/nspj.wroclaw.pl\/new\/wp-json\/wp\/v2\/comments?post=7231"}],"version-history":[{"count":9,"href":"https:\/\/nspj.wroclaw.pl\/new\/wp-json\/wp\/v2\/posts\/7231\/revisions"}],"predecessor-version":[{"id":7251,"href":"https:\/\/nspj.wroclaw.pl\/new\/wp-json\/wp\/v2\/posts\/7231\/revisions\/7251"}],"wp:featuredmedia":[{"embeddable":true,"href":"https:\/\/nspj.wroclaw.pl\/new\/wp-json\/wp\/v2\/media\/7232"}],"wp:attachment":[{"href":"https:\/\/nspj.wroclaw.pl\/new\/wp-json\/wp\/v2\/media?parent=7231"}],"wp:term":[{"taxonomy":"category","embeddable":true,"href":"https:\/\/nspj.wroclaw.pl\/new\/wp-json\/wp\/v2\/categories?post=7231"},{"taxonomy":"post_tag","embeddable":true,"href":"https:\/\/nspj.wroclaw.pl\/new\/wp-json\/wp\/v2\/tags?post=7231"}],"curies":[{"name":"wp","href":"https:\/\/api.w.org\/{rel}","templated":true}]}}