{"id":7055,"date":"2023-12-08T11:06:57","date_gmt":"2023-12-08T10:06:57","guid":{"rendered":"https:\/\/nspj.wroclaw.pl\/new\/?p=7055"},"modified":"2023-12-09T22:55:13","modified_gmt":"2023-12-09T21:55:13","slug":"pawlowicka-szlachetna-paczka","status":"publish","type":"post","link":"https:\/\/nspj.wroclaw.pl\/new\/pawlowicka-szlachetna-paczka\/","title":{"rendered":"Paw\u0142owicka Szlachetna Paczka"},"content":{"rendered":"<div dir=\"auto\" style=\"text-align: left;\">\n<p><span style=\"color: #000000;\">Szanowni Pa\u0144stwo,<\/span><\/p>\n<\/div>\n<div dir=\"auto\" style=\"text-align: left;\">\n<p><span style=\"color: #000000;\">Ju\u017c jedenasty raz przygotowujemy Paw\u0142owick\u0105 Szlachetn\u0105 Paczk\u0119. Chcemy zaprosi\u0107 wszystkich ch\u0119tnych do w\u0142\u0105czenia si\u0119 w przygotowanie pomocy dla Rodzin potrzebuj\u0105cych naszego wsparcia. Zwracamy si\u0119 do Pa\u0144stwa z pro\u015bb\u0105 o wsparcie tej parafialnej inicjatywy.<\/span><\/p>\n<p>&nbsp;<\/p>\n<\/div>\n<div dir=\"auto\" style=\"text-align: left;\">\n<p><span style=\"color: #000000;\">W tym roku chcieliby\u015bmy pom\u00f3c pani Marzenie z Jeleniej G\u00f3ry wychowuj\u0105cej samotnie dw\u00f3jk\u0119 nastoletnich dzieci. Tato pani Marzeny, kt\u00f3ry by\u0142 oparciem dla rodziny zmar\u0142 w zesz\u0142ym roku. Po \u015bmierci taty pani Marzena przesz\u0142a udar i straci\u0142a prac\u0119. W tej trudnej sytuacji \u017cyciowej rodzina potrzebuje naszej pomocy.<\/span><\/p>\n<\/div>\n<div dir=\"auto\" style=\"text-align: left;\"><span style=\"color: #000000;\">Do najpilniejszych potrzeb rodziny nale\u017c\u0105:<\/span><\/div>\n<div dir=\"auto\" style=\"text-align: left;\"><span style=\"color: #000000;\">1. Opa\u0142- w\u0119giel i drewno<\/span><\/div>\n<div dir=\"auto\" style=\"text-align: left;\"><span style=\"color: #000000;\">2. Meble<\/span><\/div>\n<div dir=\"auto\" style=\"text-align: left;\"><span style=\"color: #000000;\">3. Artyku\u0142y spo\u017cywcze<br \/>\n4. Komputer\/laptop<br \/>\n<\/span><\/div>\n<div dir=\"auto\" style=\"text-align: left;\">\n<p><span style=\"color: #000000;\">Jak zwykle zwracamy si\u0119 o wsparcie finansowe oraz rzeczowe w postaci: \u015brodk\u00f3w czysto\u015bci, \u017cywno\u015bci trwa\u0142ej, przybor\u00f3w szkolnych. Szczeg\u00f3\u0142owy opis rodziny i list\u0119 jej potrzeb mo\u017cna znale\u017a\u0107 na stoliku pod ch\u00f3rem.<\/span><\/p>\n<\/div>\n<div dir=\"auto\" style=\"text-align: left;\">\n<p><span style=\"color: #000000;\">Nasz\u0105 pomoc\u0105 opr\u00f3cz Pani Marzeny i jej dzieci, chcemy obj\u0105\u0107 tak\u017ce osoby potrzebuj\u0105ce z naszej spo\u0142eczno\u015bci.<\/span><\/p>\n<p>&nbsp;<\/p>\n<\/div>\n<div dir=\"auto\" style=\"text-align: left;\">\n<p><span style=\"color: #000000;\">Osoby, kt\u00f3re chcia\u0142yby pom\u00f3c rzeczowo lub finansowo zapraszamy na spotkanie w najbli\u017cszy wtorek,<strong> 12 grudnia<\/strong> po Mszy \u015aw. do godz. 19:30 do salki przy ko\u015bciele lub w \u015brod\u0119 <strong>13 grudnia<\/strong> do siedziby Rady Osiedla w godz. 19:00-20:00<\/span><\/p>\n<\/div>\n<div dir=\"auto\" style=\"text-align: left;\"><span style=\"color: #000000;\">Jak co roku liczymy na odzew z Pa\u0144stwa strony i g\u0142\u0119boko wierzymy, \u017ce Razem sprawimy, aby nadchodz\u0105ce \u015bwi\u0119ta dla wybranej Rodziny by\u0142y du\u017co rado\u015bniejsze.<\/span><\/div>\n","protected":false},"excerpt":{"rendered":"<p>Szanowni Pa\u0144stwo, Ju\u017c jedenasty raz przygotowujemy Paw\u0142owick\u0105 Szlachetn\u0105 Paczk\u0119. Chcemy zaprosi\u0107 wszystkich ch\u0119tnych do w\u0142\u0105czenia si\u0119 w przygotowanie pomocy dla Rodzin potrzebuj\u0105cych naszego wsparcia. Zwracamy si\u0119 do Pa\u0144stwa z pro\u015bb\u0105 o wsparcie tej parafialnej inicjatywy. &nbsp; W tym roku chcieliby\u015bmy pom\u00f3c pani Marzenie z Jeleniej G\u00f3ry wychowuj\u0105cej samotnie dw\u00f3jk\u0119 nastoletnich dzieci. Tato pani Marzeny, kt\u00f3ry&hellip; <br \/> <a class=\"read-more\" href=\"https:\/\/nspj.wroclaw.pl\/new\/pawlowicka-szlachetna-paczka\/\">Dowiedz si\u0119 wi\u0119cej<\/a><\/p>\n","protected":false},"author":1,"featured_media":7056,"comment_status":"closed","ping_status":"closed","sticky":false,"template":"","format":"standard","meta":{"ngg_post_thumbnail":0,"footnotes":""},"categories":[1],"tags":[],"class_list":["post-7055","post","type-post","status-publish","format-standard","has-post-thumbnail","hentry","category-aktualnosci"],"aioseo_notices":[],"_links":{"self":[{"href":"https:\/\/nspj.wroclaw.pl\/new\/wp-json\/wp\/v2\/posts\/7055","targetHints":{"allow":["GET"]}}],"collection":[{"href":"https:\/\/nspj.wroclaw.pl\/new\/wp-json\/wp\/v2\/posts"}],"about":[{"href":"https:\/\/nspj.wroclaw.pl\/new\/wp-json\/wp\/v2\/types\/post"}],"author":[{"embeddable":true,"href":"https:\/\/nspj.wroclaw.pl\/new\/wp-json\/wp\/v2\/users\/1"}],"replies":[{"embeddable":true,"href":"https:\/\/nspj.wroclaw.pl\/new\/wp-json\/wp\/v2\/comments?post=7055"}],"version-history":[{"count":6,"href":"https:\/\/nspj.wroclaw.pl\/new\/wp-json\/wp\/v2\/posts\/7055\/revisions"}],"predecessor-version":[{"id":7230,"href":"https:\/\/nspj.wroclaw.pl\/new\/wp-json\/wp\/v2\/posts\/7055\/revisions\/7230"}],"wp:featuredmedia":[{"embeddable":true,"href":"https:\/\/nspj.wroclaw.pl\/new\/wp-json\/wp\/v2\/media\/7056"}],"wp:attachment":[{"href":"https:\/\/nspj.wroclaw.pl\/new\/wp-json\/wp\/v2\/media?parent=7055"}],"wp:term":[{"taxonomy":"category","embeddable":true,"href":"https:\/\/nspj.wroclaw.pl\/new\/wp-json\/wp\/v2\/categories?post=7055"},{"taxonomy":"post_tag","embeddable":true,"href":"https:\/\/nspj.wroclaw.pl\/new\/wp-json\/wp\/v2\/tags?post=7055"}],"curies":[{"name":"wp","href":"https:\/\/api.w.org\/{rel}","templated":true}]}}