{"id":7036,"date":"2023-11-18T18:35:09","date_gmt":"2023-11-18T17:35:09","guid":{"rendered":"https:\/\/nspj.wroclaw.pl\/new\/?p=7036"},"modified":"2023-11-29T21:41:22","modified_gmt":"2023-11-29T20:41:22","slug":"wyklad-kto-kiedy-i-dlaczego-wybudowal-kosciol-na-pawlowicach-galeria","status":"publish","type":"post","link":"https:\/\/nspj.wroclaw.pl\/new\/wyklad-kto-kiedy-i-dlaczego-wybudowal-kosciol-na-pawlowicach-galeria\/","title":{"rendered":"Wyk\u0142ad \u2013 Kto, Kiedy I Dlaczego Wybudowa\u0142 Ko\u015bci\u00f3\u0142 Na Paw\u0142owicach ?"},"content":{"rendered":"<p><span style=\"color: #000000;\">W dniu 18 listopada 2023r. o godzinie 18:00 w Domu Parafialnym \u015bw. JPII odby\u0142 si\u0119 wyk\u0142ad doktora Piotra Sroki z Zak\u0142adu Narodowego im. Ossoli\u0144skich na temat &#8222;Kto, Kiedy I Dlaczego Wybudowa\u0142 Ko\u015bci\u00f3\u0142 Na Paw\u0142owicach ?&#8221;<\/span><\/p>\nngg_shortcode_0_placeholder\n<p style=\"text-align: center;\">&nbsp;<br \/>\n<iframe loading=\"lazy\" title=\"YouTube video player\" src=\"https:\/\/www.youtube.com\/embed\/51SR5ZG_mM8?si=NyQHzHtt9MmbmoCD\" width=\"600\" height=\"345\" frameborder=\"0\" allowfullscreen=\"allowfullscreen\"><\/iframe><\/p>\n","protected":false},"excerpt":{"rendered":"<p>W dniu 18 listopada 2023r. o godzinie 18:00 w Domu Parafialnym \u015bw. JPII odby\u0142 si\u0119 wyk\u0142ad doktora Piotra Sroki z Zak\u0142adu Narodowego im. Ossoli\u0144skich na temat &#8222;Kto, Kiedy I Dlaczego Wybudowa\u0142 Ko\u015bci\u00f3\u0142 Na Paw\u0142owicach ?&#8221; &nbsp; &nbsp;<\/p>\n","protected":false},"author":1,"featured_media":7054,"comment_status":"closed","ping_status":"closed","sticky":false,"template":"","format":"standard","meta":{"ngg_post_thumbnail":0,"footnotes":""},"categories":[15],"tags":[],"class_list":["post-7036","post","type-post","status-publish","format-standard","has-post-thumbnail","hentry","category-galeria"],"aioseo_notices":[],"_links":{"self":[{"href":"https:\/\/nspj.wroclaw.pl\/new\/wp-json\/wp\/v2\/posts\/7036","targetHints":{"allow":["GET"]}}],"collection":[{"href":"https:\/\/nspj.wroclaw.pl\/new\/wp-json\/wp\/v2\/posts"}],"about":[{"href":"https:\/\/nspj.wroclaw.pl\/new\/wp-json\/wp\/v2\/types\/post"}],"author":[{"embeddable":true,"href":"https:\/\/nspj.wroclaw.pl\/new\/wp-json\/wp\/v2\/users\/1"}],"replies":[{"embeddable":true,"href":"https:\/\/nspj.wroclaw.pl\/new\/wp-json\/wp\/v2\/comments?post=7036"}],"version-history":[{"count":5,"href":"https:\/\/nspj.wroclaw.pl\/new\/wp-json\/wp\/v2\/posts\/7036\/revisions"}],"predecessor-version":[{"id":7106,"href":"https:\/\/nspj.wroclaw.pl\/new\/wp-json\/wp\/v2\/posts\/7036\/revisions\/7106"}],"wp:featuredmedia":[{"embeddable":true,"href":"https:\/\/nspj.wroclaw.pl\/new\/wp-json\/wp\/v2\/media\/7054"}],"wp:attachment":[{"href":"https:\/\/nspj.wroclaw.pl\/new\/wp-json\/wp\/v2\/media?parent=7036"}],"wp:term":[{"taxonomy":"category","embeddable":true,"href":"https:\/\/nspj.wroclaw.pl\/new\/wp-json\/wp\/v2\/categories?post=7036"},{"taxonomy":"post_tag","embeddable":true,"href":"https:\/\/nspj.wroclaw.pl\/new\/wp-json\/wp\/v2\/tags?post=7036"}],"curies":[{"name":"wp","href":"https:\/\/api.w.org\/{rel}","templated":true}]}}