{"id":6586,"date":"2023-08-20T21:41:20","date_gmt":"2023-08-20T19:41:20","guid":{"rendered":"https:\/\/nspj.wroclaw.pl\/new\/?p=6586"},"modified":"2023-08-21T21:57:40","modified_gmt":"2023-08-21T19:57:40","slug":"procesja-rozancowa-za-polske-20-sierpnia-2023-galeria","status":"publish","type":"post","link":"https:\/\/nspj.wroclaw.pl\/new\/procesja-rozancowa-za-polske-20-sierpnia-2023-galeria\/","title":{"rendered":"Procesja R\u00f3\u017ca\u0144cowa za Polsk\u0119 &#8211; 20 sierpnia 2023"},"content":{"rendered":"<p><span style=\"color: #000000;\"><strong>W niedziel\u0119 20 sierpnia 2023r o g. 16.00<\/strong> \u2013&nbsp; odby\u0142a si\u0119 pokutno \u2013 b\u0142agalna modlitwa w intencji o kolejny cud nad Wis\u0142\u0105 \u2013 nawr\u00f3cenie serc wszystkich Polak\u00f3w, o ratowanie wiary w sercach dzieci i m\u0142odzie\u017cy, aby Ko\u015bci\u00f3\u0142 w Polsce cieszy\u0142 si\u0119 wolno\u015bci\u0105 i poszanowaniem. Rozpocz\u0119\u0142a j\u0105 procesja r\u00f3\u017ca\u0144cowa wok\u00f3\u0142 naszego ko\u015bcio\u0142a parafialnego \u2013 a nast\u0119pnie adoracja eucharystyczna podczas, kt\u00f3rej odm\u00f3wiony zosta\u0142 ca\u0142y r\u00f3\u017caniec, Koronka do Bo\u017cego Mi\u0142osierdzia oraz Akt Zawierzenia Polski Niepokalanemu Sercu Maryi. Modlitwa zosta\u0142a zako\u0144czona wieczorn\u0105 Msz\u0105 \u015bw. o g. 18.00<\/span><\/p>\n<p>&nbsp;<\/p>\nngg_shortcode_0_placeholder\n","protected":false},"excerpt":{"rendered":"<p>W niedziel\u0119 20 sierpnia 2023r o g. 16.00 \u2013&nbsp; odby\u0142a si\u0119 pokutno \u2013 b\u0142agalna modlitwa w intencji o kolejny cud nad Wis\u0142\u0105 \u2013 nawr\u00f3cenie serc wszystkich Polak\u00f3w, o ratowanie wiary w sercach dzieci i m\u0142odzie\u017cy, aby Ko\u015bci\u00f3\u0142 w Polsce cieszy\u0142 si\u0119 wolno\u015bci\u0105 i poszanowaniem. Rozpocz\u0119\u0142a j\u0105 procesja r\u00f3\u017ca\u0144cowa wok\u00f3\u0142 naszego ko\u015bcio\u0142a parafialnego \u2013 a nast\u0119pnie&hellip; <br \/> <a class=\"read-more\" href=\"https:\/\/nspj.wroclaw.pl\/new\/procesja-rozancowa-za-polske-20-sierpnia-2023-galeria\/\">Dowiedz si\u0119 wi\u0119cej<\/a><\/p>\n","protected":false},"author":1,"featured_media":6606,"comment_status":"closed","ping_status":"closed","sticky":false,"template":"","format":"standard","meta":{"ngg_post_thumbnail":0,"footnotes":""},"categories":[15],"tags":[],"class_list":["post-6586","post","type-post","status-publish","format-standard","has-post-thumbnail","hentry","category-galeria"],"aioseo_notices":[],"_links":{"self":[{"href":"https:\/\/nspj.wroclaw.pl\/new\/wp-json\/wp\/v2\/posts\/6586","targetHints":{"allow":["GET"]}}],"collection":[{"href":"https:\/\/nspj.wroclaw.pl\/new\/wp-json\/wp\/v2\/posts"}],"about":[{"href":"https:\/\/nspj.wroclaw.pl\/new\/wp-json\/wp\/v2\/types\/post"}],"author":[{"embeddable":true,"href":"https:\/\/nspj.wroclaw.pl\/new\/wp-json\/wp\/v2\/users\/1"}],"replies":[{"embeddable":true,"href":"https:\/\/nspj.wroclaw.pl\/new\/wp-json\/wp\/v2\/comments?post=6586"}],"version-history":[{"count":5,"href":"https:\/\/nspj.wroclaw.pl\/new\/wp-json\/wp\/v2\/posts\/6586\/revisions"}],"predecessor-version":[{"id":6610,"href":"https:\/\/nspj.wroclaw.pl\/new\/wp-json\/wp\/v2\/posts\/6586\/revisions\/6610"}],"wp:featuredmedia":[{"embeddable":true,"href":"https:\/\/nspj.wroclaw.pl\/new\/wp-json\/wp\/v2\/media\/6606"}],"wp:attachment":[{"href":"https:\/\/nspj.wroclaw.pl\/new\/wp-json\/wp\/v2\/media?parent=6586"}],"wp:term":[{"taxonomy":"category","embeddable":true,"href":"https:\/\/nspj.wroclaw.pl\/new\/wp-json\/wp\/v2\/categories?post=6586"},{"taxonomy":"post_tag","embeddable":true,"href":"https:\/\/nspj.wroclaw.pl\/new\/wp-json\/wp\/v2\/tags?post=6586"}],"curies":[{"name":"wp","href":"https:\/\/api.w.org\/{rel}","templated":true}]}}