{"id":6556,"date":"2023-08-14T00:39:36","date_gmt":"2023-08-13T22:39:36","guid":{"rendered":"https:\/\/nspj.wroclaw.pl\/new\/?p=6556"},"modified":"2023-08-21T21:57:57","modified_gmt":"2023-08-21T19:57:57","slug":"procesja-rozancowa-za-polske-20-viii-2023","status":"publish","type":"post","link":"https:\/\/nspj.wroclaw.pl\/new\/procesja-rozancowa-za-polske-20-viii-2023\/","title":{"rendered":"Procesja R\u00f3\u017ca\u0144cowa Za Polsk\u0119 &#8211; 20 VIII 2023"},"content":{"rendered":"<p><span style=\"color: #000000;\"><strong>Temat: Procesja R\u00f3\u017ca\u0144cowa 20 VIII 2023, Wieczysta Adoracja za kap\u0142an\u00f3w<\/strong><\/span><br \/>\n<span style=\"color: #000000;\">\/Jest to inicjatywa \u015awieckich Aposto\u0142\u00f3w Iskry Mi\u0142osierdzia i Rycerzy \u015aw. JP II\/<\/span><\/p>\n<p><span style=\"color: #000000;\">Niech b\u0119dzie pochwalony Jezus Chrystus!<\/span><br \/>\n<span style=\"color: #000000;\">Przewielebny Ksi\u0119\u017ce Proboszczu!<\/span><\/p>\n<p><span style=\"color: #000000;\"><strong>\u201eW imieniu &#8222;Inicjatywa Zjednoczeni 2022&#8221;<\/strong> pragn\u0119 przekaza\u0107 dwie bardzo wa\u017cne informacje, kt\u00f3re bardzo prosz\u0119 o potraktowanie jako wiadomo\u015bci i jednocze\u015bnie pokorn\u0105 pro\u015bb\u0119, jako zaproszenie do w\u0142\u0105czenia si\u0119 do tych inicjatyw:<\/span><\/p>\n<p><span style=\"color: #000000;\"><strong>1.<\/strong>&nbsp; 16 lipca w \u015awi\u0119to Matki Bo\u017cej Szkaplerznej rozpocz\u0119li\u015bmy Wieczyst\u0105 Adoracj\u0119 &#8222;24 godziny na dob\u0119&#8221; o u\u015bwi\u0119cenie kap\u0142an\u00f3w, o \u015bwi\u0119te powo\u0142ania do kap\u0142a\u0144stwa i zgromadze\u0144 zakonnych \u2013 wed\u0142ug Listu Kongregacji ds. Duchowie\u0144stwa wys\u0142anego z Watykanu na pro\u015bb\u0119 Papie\u017ca Benedykta XVI 8 grudnia 2007 r. <\/span><br \/>\n<span style=\"color: #000000;\"><strong>2.<\/strong>&nbsp; Kieruj\u0119 serdeczn\u0105 pro\u015bb\u0119 o w\u0142\u0105czenie si\u0119 20 sierpnia (w oktawie \u015awi\u0119ta Matki Bo\u017cej Wniebowzi\u0119tej, Cudu nad Wis\u0142\u0105 oraz dwa dni przed \u015awi\u0119tem Matki Bo\u017cej Kr\u00f3lowej \u015awiata) do zjednoczenia si\u0119 na pokutno &#8211; b\u0142agalnej modlitwie w intencji o kolejny cud nad Wis\u0142\u0105 &#8211; nawr\u00f3cenie serc wszystkich Polak\u00f3w, o ratowanie wiary w sercach dzieci i m\u0142odzie\u017cy, aby Ko\u015bci\u00f3\u0142 w Polsce cieszy\u0142 si\u0119 wolno\u015bci\u0105 i poszanowaniem.<\/span><\/p>\n<p><span style=\"color: #000000;\"><strong>Jeste\u015bmy \u015bwiadomi,<\/strong> \u017ce tylko czyni\u0105c pokut\u0119 za nasze grzechy, za grzechy wszystkich Polak\u00f3w, prosz\u0105c o przebaczenie naszych win, prosz\u0105c Pana Boga przez wstawiennictwo Matki Naj\u015bwi\u0119tszej naszej Kr\u00f3lowej o \u0142ask\u0119 wiary dla naszego Narodu, o powr\u00f3t na \u015bcie\u017cki Pana dla tych Polak\u00f3w, kt\u00f3rzy odeszli, Pan B\u00f3g mo\u017ce nas uratowa\u0107 przed widmem wojny, przed zagro\u017ceniem &#8211; przed kt\u00f3rym stan\u0119li\u015bmy jako Nar\u00f3d. Decyzje przeciwko naszej Ojczy\u017anie ju\u017c zapad\u0142y. Wydano ju\u017c wyrok. To tylko kwestia czasu. W tej dramatycznej sytuacji zwr\u00f3\u0107my si\u0119 do Pana Boga o Mi\u0142osierdzie, o przebudzenie w Narodzie, o \u015bwiadomo\u015b\u0107, \u017ce po ludzku nie unikniemy tego, co nam przygotowuj\u0105 wrogowie Ko\u015bcio\u0142a i naszej Ojczyzny. Jedynie przez powr\u00f3t do Boga i zgi\u0119te przed Nim kolana mo\u017cemy uprosi\u0107 interwencj\u0119 z Nieba. I tak, jak w przesz\u0142o\u015bci do\u015bwiadczali\u015bmy cudownej pomocy Matki Naj\u015bwi\u0119tszej, jako Pani \u0141askawej Patronki Warszawy i Stra\u017cniczki Polski, w miesi\u0105cu Cudu nad Wis\u0142\u0105, b\u0142agajmy J\u0105 w zjednoczeniu w ca\u0142ej Polsce o ocalenie nas, ocalenie naszej Ojczyzny przed wojn\u0105. W 1920 r. zwyci\u0119stwo &#8222;Cudu nad Wis\u0142\u0105&#8221; poprzedzi\u0142y nieko\u0144cz\u0105ce si\u0119 w Warszawie przez miesi\u0105c procesje r\u00f3\u017ca\u0144cowe. Dlatego serdeczna pro\u015bba o kontynuowanie tego, co zosta\u0142o rozpocz\u0119te w 2021 r., o zorganizowanie w dniu 20 sierpnia w parafii, w mie\u015bcie czy te\u017c w ma\u0142ej miejscowo\u015bci pokutno &#8211; b\u0142agalnej procesji r\u00f3\u017ca\u0144cowej\u201d.<\/span><\/p>\n<p><span style=\"color: #800000;\"><strong>Jako Proboszcz Parafii, <\/strong>serdecznie zapraszam do udzia\u0142u w tej pi\u0119knej inicjatywie apostolskiej! W ramach tej procesji odm\u00f3wimy ca\u0142y R\u00f3\u017caniec, Koronk\u0119 do Bo\u017cego Mi\u0142osierdzia, Akt Zawierzenia Polski Niepokalanemu Sercu Maryi i Litani\u0119 do Matki Bo\u017cej \u0141askawej.<\/span><br \/>\n<span style=\"color: #800000;\"><strong>Kierujemy to ZAPROSZENIE do ca\u0142ej naszej Wsp\u00f3lnoty Parafialnej:<\/strong> a wi\u0119c <strong>w niedziel\u0119 20.08. o g. 16.00<\/strong> \u2013 rozpocz\u0119cie procesji r\u00f3\u017ca\u0144cowej wok\u00f3\u0142 naszego ko\u015bcio\u0142a parafialnego \u2013 a nast\u0119pnie adoracja eucharystyczna, kt\u00f3ra zostanie zako\u0144czona wieczorn\u0105 Msz\u0105 \u015bw. o g. 18.00\u2026&nbsp;<\/span><\/p>\n<p><span style=\"color: #000000;\"><strong>Serdecznie zapraszamy &#8211; AMDG<\/strong><\/span><\/p>\n<p><span style=\"color: #000000;\"><strong>&#8222;Inicjatywa Zjednoczeni 2022&#8221; <\/strong>( Artur Wolski &#8211; M\u0119ski R\u00f3\u017caniec, Janusz Paczkowski &#8211; Rycerze \u015aw. Jana Paw\u0142a II, Marcin Dybowski &#8211; Krucjata R\u00f3\u017ca\u0144cowa za Ojczyzn\u0119)<\/span><\/p>\n<p>&nbsp;<\/p>\n","protected":false},"excerpt":{"rendered":"<p>Temat: Procesja R\u00f3\u017ca\u0144cowa 20 VIII 2023, Wieczysta Adoracja za kap\u0142an\u00f3w \/Jest to inicjatywa \u015awieckich Aposto\u0142\u00f3w Iskry Mi\u0142osierdzia i Rycerzy \u015aw. JP II\/ Niech b\u0119dzie pochwalony Jezus Chrystus! Przewielebny Ksi\u0119\u017ce Proboszczu! \u201eW imieniu &#8222;Inicjatywa Zjednoczeni 2022&#8221; pragn\u0119 przekaza\u0107 dwie bardzo wa\u017cne informacje, kt\u00f3re bardzo prosz\u0119 o potraktowanie jako wiadomo\u015bci i jednocze\u015bnie pokorn\u0105 pro\u015bb\u0119, jako zaproszenie do&hellip; <br \/> <a class=\"read-more\" href=\"https:\/\/nspj.wroclaw.pl\/new\/procesja-rozancowa-za-polske-20-viii-2023\/\">Dowiedz si\u0119 wi\u0119cej<\/a><\/p>\n","protected":false},"author":1,"featured_media":6557,"comment_status":"closed","ping_status":"closed","sticky":false,"template":"","format":"standard","meta":{"ngg_post_thumbnail":0,"footnotes":""},"categories":[1],"tags":[],"class_list":["post-6556","post","type-post","status-publish","format-standard","has-post-thumbnail","hentry","category-aktualnosci"],"aioseo_notices":[],"_links":{"self":[{"href":"https:\/\/nspj.wroclaw.pl\/new\/wp-json\/wp\/v2\/posts\/6556","targetHints":{"allow":["GET"]}}],"collection":[{"href":"https:\/\/nspj.wroclaw.pl\/new\/wp-json\/wp\/v2\/posts"}],"about":[{"href":"https:\/\/nspj.wroclaw.pl\/new\/wp-json\/wp\/v2\/types\/post"}],"author":[{"embeddable":true,"href":"https:\/\/nspj.wroclaw.pl\/new\/wp-json\/wp\/v2\/users\/1"}],"replies":[{"embeddable":true,"href":"https:\/\/nspj.wroclaw.pl\/new\/wp-json\/wp\/v2\/comments?post=6556"}],"version-history":[{"count":3,"href":"https:\/\/nspj.wroclaw.pl\/new\/wp-json\/wp\/v2\/posts\/6556\/revisions"}],"predecessor-version":[{"id":6560,"href":"https:\/\/nspj.wroclaw.pl\/new\/wp-json\/wp\/v2\/posts\/6556\/revisions\/6560"}],"wp:featuredmedia":[{"embeddable":true,"href":"https:\/\/nspj.wroclaw.pl\/new\/wp-json\/wp\/v2\/media\/6557"}],"wp:attachment":[{"href":"https:\/\/nspj.wroclaw.pl\/new\/wp-json\/wp\/v2\/media?parent=6556"}],"wp:term":[{"taxonomy":"category","embeddable":true,"href":"https:\/\/nspj.wroclaw.pl\/new\/wp-json\/wp\/v2\/categories?post=6556"},{"taxonomy":"post_tag","embeddable":true,"href":"https:\/\/nspj.wroclaw.pl\/new\/wp-json\/wp\/v2\/tags?post=6556"}],"curies":[{"name":"wp","href":"https:\/\/api.w.org\/{rel}","templated":true}]}}