{"id":6399,"date":"2023-07-11T21:44:11","date_gmt":"2023-07-11T19:44:11","guid":{"rendered":"https:\/\/nspj.wroclaw.pl\/new\/?p=6399"},"modified":"2023-07-14T22:01:08","modified_gmt":"2023-07-14T20:01:08","slug":"43-piesza-pielgrzymka-wroclawska-na-jasna-gore","status":"publish","type":"post","link":"https:\/\/nspj.wroclaw.pl\/new\/43-piesza-pielgrzymka-wroclawska-na-jasna-gore\/","title":{"rendered":"43. Piesza Pielgrzymka Wroc\u0142awska na Jasn\u0105 G\u00f3r\u0119"},"content":{"rendered":"<p>Wi\u0119cej informacji na stronie <a href=\"http:\/\/www.pielgrzymka.pl\" target=\"_blank\" rel=\"noopener\">www.pielgrzymka.pl<\/a><\/p>\n","protected":false},"excerpt":{"rendered":"<p>Wi\u0119cej informacji na stronie www.pielgrzymka.pl<\/p>\n","protected":false},"author":1,"featured_media":6400,"comment_status":"closed","ping_status":"closed","sticky":false,"template":"","format":"standard","meta":{"ngg_post_thumbnail":0,"footnotes":""},"categories":[1],"tags":[],"class_list":["post-6399","post","type-post","status-publish","format-standard","has-post-thumbnail","hentry","category-aktualnosci"],"aioseo_notices":[],"_links":{"self":[{"href":"https:\/\/nspj.wroclaw.pl\/new\/wp-json\/wp\/v2\/posts\/6399","targetHints":{"allow":["GET"]}}],"collection":[{"href":"https:\/\/nspj.wroclaw.pl\/new\/wp-json\/wp\/v2\/posts"}],"about":[{"href":"https:\/\/nspj.wroclaw.pl\/new\/wp-json\/wp\/v2\/types\/post"}],"author":[{"embeddable":true,"href":"https:\/\/nspj.wroclaw.pl\/new\/wp-json\/wp\/v2\/users\/1"}],"replies":[{"embeddable":true,"href":"https:\/\/nspj.wroclaw.pl\/new\/wp-json\/wp\/v2\/comments?post=6399"}],"version-history":[{"count":3,"href":"https:\/\/nspj.wroclaw.pl\/new\/wp-json\/wp\/v2\/posts\/6399\/revisions"}],"predecessor-version":[{"id":6434,"href":"https:\/\/nspj.wroclaw.pl\/new\/wp-json\/wp\/v2\/posts\/6399\/revisions\/6434"}],"wp:featuredmedia":[{"embeddable":true,"href":"https:\/\/nspj.wroclaw.pl\/new\/wp-json\/wp\/v2\/media\/6400"}],"wp:attachment":[{"href":"https:\/\/nspj.wroclaw.pl\/new\/wp-json\/wp\/v2\/media?parent=6399"}],"wp:term":[{"taxonomy":"category","embeddable":true,"href":"https:\/\/nspj.wroclaw.pl\/new\/wp-json\/wp\/v2\/categories?post=6399"},{"taxonomy":"post_tag","embeddable":true,"href":"https:\/\/nspj.wroclaw.pl\/new\/wp-json\/wp\/v2\/tags?post=6399"}],"curies":[{"name":"wp","href":"https:\/\/api.w.org\/{rel}","templated":true}]}}