{"id":6375,"date":"2023-08-03T14:59:55","date_gmt":"2023-08-03T12:59:55","guid":{"rendered":"https:\/\/nspj.wroclaw.pl\/new\/?p=6375"},"modified":"2023-08-05T21:35:14","modified_gmt":"2023-08-05T19:35:14","slug":"pielgrzymka-parafialna-do-kodnia-pratulina-grabarki-i-zuzeli-22-24-09-23","status":"publish","type":"post","link":"https:\/\/nspj.wroclaw.pl\/new\/pielgrzymka-parafialna-do-kodnia-pratulina-grabarki-i-zuzeli-22-24-09-23\/","title":{"rendered":"Pielgrzymka Parafialna do Kodnia, Pratulina, Grabarki i Zuzeli: 22-24.09.23"},"content":{"rendered":"<p><span style=\"color: #000000;\">W dn. <strong>22-24.09.23<\/strong> (pt &#8211; niedz) planowana jest 3 dniowa pielgrzymka do <strong>Kodnia i Pratulina<\/strong> (dw\u00f3ch sanktuari\u00f3w katolickich na terenie wojew\u00f3dztwa lubelskiego) a tak\u017ce <strong>Grabarki,<\/strong> czyli &#8222;prawos\u0142awnej Cz\u0119stochowy&#8221; oraz <strong>Zuzeli<\/strong> &#8211; miejsca urodzin b\u0142. Prymasa Tysi\u0105clecia Ks. Kard. Stefana Wyszy\u0144skiego. Koszt udzia\u0142u w 3-dniowej pielgrzymce, w zale\u017cno\u015bci od ilo\u015bci uczestnik\u00f3w: 560-620 z\u0142. Z racji konieczno\u015bci wp\u0142aty zaliczek na poczet \u015bwiadczonych us\u0142ug, zw\u0142aszcza rezerwacji nocleg\u00f3w, prosimy przy zg\u0142oszeniach o wp\u0142at\u0119 100 z\u0142 od osoby.<\/span><\/p>\n<p><span style=\"color: #000000;\">Dzi\u0119kujemy za szybkie decyzje i zrozumienie tych organizacyjnych uwarunkowa\u0144\u2026&nbsp;<\/span><\/p>\n<p>&nbsp;<\/p>\n<p><img loading=\"lazy\" decoding=\"async\" class=\"size-full wp-image-6380 aligncenter\" src=\"https:\/\/nspj.wroclaw.pl\/new\/wp-content\/uploads\/2023\/06\/1005926_1590404734.jpg\" alt=\"\" width=\"840\" height=\"454\" srcset=\"https:\/\/nspj.wroclaw.pl\/new\/wp-content\/uploads\/2023\/06\/1005926_1590404734.jpg 840w, https:\/\/nspj.wroclaw.pl\/new\/wp-content\/uploads\/2023\/06\/1005926_1590404734-300x162.jpg 300w, https:\/\/nspj.wroclaw.pl\/new\/wp-content\/uploads\/2023\/06\/1005926_1590404734-768x415.jpg 768w, https:\/\/nspj.wroclaw.pl\/new\/wp-content\/uploads\/2023\/06\/1005926_1590404734-600x324.jpg 600w, https:\/\/nspj.wroclaw.pl\/new\/wp-content\/uploads\/2023\/06\/1005926_1590404734-280x151.jpg 280w\" sizes=\"auto, (max-width: 840px) 100vw, 840px\" \/><\/p>\n","protected":false},"excerpt":{"rendered":"<p>W dn. 22-24.09.23 (pt &#8211; niedz) planowana jest 3 dniowa pielgrzymka do Kodnia i Pratulina (dw\u00f3ch sanktuari\u00f3w katolickich na terenie wojew\u00f3dztwa lubelskiego) a tak\u017ce Grabarki, czyli &#8222;prawos\u0142awnej Cz\u0119stochowy&#8221; oraz Zuzeli &#8211; miejsca urodzin b\u0142. Prymasa Tysi\u0105clecia Ks. Kard. Stefana Wyszy\u0144skiego. Koszt udzia\u0142u w 3-dniowej pielgrzymce, w zale\u017cno\u015bci od ilo\u015bci uczestnik\u00f3w: 560-620 z\u0142. Z racji konieczno\u015bci&hellip; <br \/> <a class=\"read-more\" href=\"https:\/\/nspj.wroclaw.pl\/new\/pielgrzymka-parafialna-do-kodnia-pratulina-grabarki-i-zuzeli-22-24-09-23\/\">Dowiedz si\u0119 wi\u0119cej<\/a><\/p>\n","protected":false},"author":1,"featured_media":6376,"comment_status":"closed","ping_status":"closed","sticky":false,"template":"","format":"standard","meta":{"ngg_post_thumbnail":0,"footnotes":""},"categories":[1],"tags":[],"class_list":["post-6375","post","type-post","status-publish","format-standard","has-post-thumbnail","hentry","category-aktualnosci"],"aioseo_notices":[],"_links":{"self":[{"href":"https:\/\/nspj.wroclaw.pl\/new\/wp-json\/wp\/v2\/posts\/6375","targetHints":{"allow":["GET"]}}],"collection":[{"href":"https:\/\/nspj.wroclaw.pl\/new\/wp-json\/wp\/v2\/posts"}],"about":[{"href":"https:\/\/nspj.wroclaw.pl\/new\/wp-json\/wp\/v2\/types\/post"}],"author":[{"embeddable":true,"href":"https:\/\/nspj.wroclaw.pl\/new\/wp-json\/wp\/v2\/users\/1"}],"replies":[{"embeddable":true,"href":"https:\/\/nspj.wroclaw.pl\/new\/wp-json\/wp\/v2\/comments?post=6375"}],"version-history":[{"count":4,"href":"https:\/\/nspj.wroclaw.pl\/new\/wp-json\/wp\/v2\/posts\/6375\/revisions"}],"predecessor-version":[{"id":6381,"href":"https:\/\/nspj.wroclaw.pl\/new\/wp-json\/wp\/v2\/posts\/6375\/revisions\/6381"}],"wp:featuredmedia":[{"embeddable":true,"href":"https:\/\/nspj.wroclaw.pl\/new\/wp-json\/wp\/v2\/media\/6376"}],"wp:attachment":[{"href":"https:\/\/nspj.wroclaw.pl\/new\/wp-json\/wp\/v2\/media?parent=6375"}],"wp:term":[{"taxonomy":"category","embeddable":true,"href":"https:\/\/nspj.wroclaw.pl\/new\/wp-json\/wp\/v2\/categories?post=6375"},{"taxonomy":"post_tag","embeddable":true,"href":"https:\/\/nspj.wroclaw.pl\/new\/wp-json\/wp\/v2\/tags?post=6375"}],"curies":[{"name":"wp","href":"https:\/\/api.w.org\/{rel}","templated":true}]}}