{"id":6194,"date":"2023-07-03T16:41:35","date_gmt":"2023-07-03T14:41:35","guid":{"rendered":"https:\/\/nspj.wroclaw.pl\/new\/?p=6194"},"modified":"2023-07-08T21:59:59","modified_gmt":"2023-07-08T19:59:59","slug":"kartka-z-kalendarza-poswiecenia-ewangelickiego-kosciola-w-pawlowicach-3-listopada-1935-roku","status":"publish","type":"post","link":"https:\/\/nspj.wroclaw.pl\/new\/kartka-z-kalendarza-poswiecenia-ewangelickiego-kosciola-w-pawlowicach-3-listopada-1935-roku\/","title":{"rendered":"Kartka z kalendarza: po\u015bwi\u0119cenia ewangelickiego ko\u015bcio\u0142a w Paw\u0142owicach 3 listopada 1935 roku"},"content":{"rendered":"<p><span style=\"color: #000000;\"><strong>Relacja z uroczysto\u015bci po\u015bwi\u0119cenia ewangelickiego ko\u015bcio\u0142a w Paw\u0142owicach 3 listopada 1935 roku <\/strong><\/span><\/p>\n<p><span style=\"color: #000000;\">Chocia\u017c paw\u0142owicki ko\u015bci\u00f3\u0142 nie nale\u017cy do wiekowych, niewiele dotychczas wiedzieli\u015bmy o jego pocz\u0105tkach poza tym, \u017ce powsta\u0142 w okresie mi\u0119dzywojennym dla miejscowych ewangelik\u00f3w. W Internecie i w r\u00f3\u017cnych publikacjach mo\u017cna by\u0142o przeczyta\u0107, \u017ce ko\u015bci\u00f3\u0142 zbudowano w latach 20. XX wieku. W rzeczywisto\u015bci jest on nieco m\u0142odszy, &#8230; <a style=\"color: #000000;\" href=\"https:\/\/nspj.wroclaw.pl\/new\/historia\/relacja-z-uroczystosci-poswiecenia-ewangelickiego-kosciola-w-pawlowicach-3-listopada-1935-roku\/\"><strong><span style=\"color: #000080;\"><span style=\"color: #0000ff;\">(czytaj wi\u0119cej)<\/span><\/span><\/strong><\/a><\/span><\/p>\n","protected":false},"excerpt":{"rendered":"<p>Relacja z uroczysto\u015bci po\u015bwi\u0119cenia ewangelickiego ko\u015bcio\u0142a w Paw\u0142owicach 3 listopada 1935 roku Chocia\u017c paw\u0142owicki ko\u015bci\u00f3\u0142 nie nale\u017cy do wiekowych, niewiele dotychczas wiedzieli\u015bmy o jego pocz\u0105tkach poza tym, \u017ce powsta\u0142 w okresie mi\u0119dzywojennym dla miejscowych ewangelik\u00f3w. W Internecie i w r\u00f3\u017cnych publikacjach mo\u017cna by\u0142o przeczyta\u0107, \u017ce ko\u015bci\u00f3\u0142 zbudowano w latach 20. XX wieku. W rzeczywisto\u015bci jest&hellip; <br \/> <a class=\"read-more\" href=\"https:\/\/nspj.wroclaw.pl\/new\/kartka-z-kalendarza-poswiecenia-ewangelickiego-kosciola-w-pawlowicach-3-listopada-1935-roku\/\">Dowiedz si\u0119 wi\u0119cej<\/a><\/p>\n","protected":false},"author":1,"featured_media":6083,"comment_status":"closed","ping_status":"closed","sticky":false,"template":"","format":"standard","meta":{"ngg_post_thumbnail":0,"footnotes":""},"categories":[1],"tags":[],"class_list":["post-6194","post","type-post","status-publish","format-standard","has-post-thumbnail","hentry","category-aktualnosci"],"aioseo_notices":[],"_links":{"self":[{"href":"https:\/\/nspj.wroclaw.pl\/new\/wp-json\/wp\/v2\/posts\/6194","targetHints":{"allow":["GET"]}}],"collection":[{"href":"https:\/\/nspj.wroclaw.pl\/new\/wp-json\/wp\/v2\/posts"}],"about":[{"href":"https:\/\/nspj.wroclaw.pl\/new\/wp-json\/wp\/v2\/types\/post"}],"author":[{"embeddable":true,"href":"https:\/\/nspj.wroclaw.pl\/new\/wp-json\/wp\/v2\/users\/1"}],"replies":[{"embeddable":true,"href":"https:\/\/nspj.wroclaw.pl\/new\/wp-json\/wp\/v2\/comments?post=6194"}],"version-history":[{"count":6,"href":"https:\/\/nspj.wroclaw.pl\/new\/wp-json\/wp\/v2\/posts\/6194\/revisions"}],"predecessor-version":[{"id":6397,"href":"https:\/\/nspj.wroclaw.pl\/new\/wp-json\/wp\/v2\/posts\/6194\/revisions\/6397"}],"wp:featuredmedia":[{"embeddable":true,"href":"https:\/\/nspj.wroclaw.pl\/new\/wp-json\/wp\/v2\/media\/6083"}],"wp:attachment":[{"href":"https:\/\/nspj.wroclaw.pl\/new\/wp-json\/wp\/v2\/media?parent=6194"}],"wp:term":[{"taxonomy":"category","embeddable":true,"href":"https:\/\/nspj.wroclaw.pl\/new\/wp-json\/wp\/v2\/categories?post=6194"},{"taxonomy":"post_tag","embeddable":true,"href":"https:\/\/nspj.wroclaw.pl\/new\/wp-json\/wp\/v2\/tags?post=6194"}],"curies":[{"name":"wp","href":"https:\/\/api.w.org\/{rel}","templated":true}]}}