{"id":4516,"date":"2023-01-02T15:00:09","date_gmt":"2023-01-02T14:00:09","guid":{"rendered":"https:\/\/nspj.wroclaw.pl\/new\/?p=4516"},"modified":"2023-01-04T21:38:51","modified_gmt":"2023-01-04T20:38:51","slug":"plan-koledy-2-7-stycznia-2023-r","status":"publish","type":"post","link":"https:\/\/nspj.wroclaw.pl\/new\/plan-koledy-2-7-stycznia-2023-r\/","title":{"rendered":"Plan Kol\u0119dy 2-7 stycznia 2023 r."},"content":{"rendered":"\t\t<div data-elementor-type=\"wp-post\" data-elementor-id=\"4516\" class=\"elementor elementor-4516\">\n\t\t\t\t\t\t\t\t\t<section class=\"elementor-section elementor-top-section elementor-element elementor-element-6c859a7 elementor-section-boxed elementor-section-height-default elementor-section-height-default\" data-id=\"6c859a7\" data-element_type=\"section\">\n\t\t\t\t\t\t<div class=\"elementor-container elementor-column-gap-default\">\n\t\t\t\t\t<div class=\"elementor-column elementor-col-100 elementor-top-column elementor-element elementor-element-373b0f4\" data-id=\"373b0f4\" data-element_type=\"column\">\n\t\t\t<div class=\"elementor-widget-wrap elementor-element-populated\">\n\t\t\t\t\t\t\t\t<div class=\"elementor-element elementor-element-8a0479b elementor-widget elementor-widget-text-editor\" data-id=\"8a0479b\" data-element_type=\"widget\" data-widget_type=\"text-editor.default\">\n\t\t\t\t<div class=\"elementor-widget-container\">\n\t\t\t<style>\/*! elementor - v3.14.0 - 26-06-2023 *\/\n.elementor-widget-text-editor.elementor-drop-cap-view-stacked .elementor-drop-cap{background-color:#69727d;color:#fff}.elementor-widget-text-editor.elementor-drop-cap-view-framed .elementor-drop-cap{color:#69727d;border:3px solid;background-color:transparent}.elementor-widget-text-editor:not(.elementor-drop-cap-view-default) .elementor-drop-cap{margin-top:8px}.elementor-widget-text-editor:not(.elementor-drop-cap-view-default) .elementor-drop-cap-letter{width:1em;height:1em}.elementor-widget-text-editor .elementor-drop-cap{float:left;text-align:center;line-height:1;font-size:50px}.elementor-widget-text-editor .elementor-drop-cap-letter{display:inline-block}<\/style>\t\t\t\t<p style=\"text-align: center;\"><span style=\"color: #000000;\"><strong>PLAN WIZYTY DUSZPASTERSKIEJ<br \/><\/strong><strong>\u00a0na okres 2-7 stycznia 2023 r.<br \/><br \/><\/strong><\/span><\/p><table><tbody><tr><td width=\"160\"><p><span style=\"color: #000000;\"><strong>DATA <\/strong><\/span><\/p><\/td><td width=\"151\"><p><span style=\"color: #000000;\"><strong>Dzie\u0144 tygodnia<\/strong><\/span><\/p><\/td><td width=\"293\"><p><span style=\"color: #000000;\"><strong>Ulice<\/strong><\/span><\/p><\/td><\/tr><tr><td width=\"160\"><p><span style=\"color: #000000;\">02.01.2023 r.<\/span><\/p><\/td><td width=\"151\"><p><span style=\"color: #000000;\">Poniedzia\u0142ek<\/span><\/p><\/td><td width=\"293\"><p><span style=\"color: #000000;\">Jeziorowa, Sasankowa, <\/span><br \/><span style=\"color: #000000;\">Krokusowa<\/span><\/p><\/td><\/tr><tr><td width=\"160\"><p><span style=\"color: #000000;\">03.01.2023 r.<\/span><\/p><\/td><td width=\"151\"><p><span style=\"color: #000000;\">Wtorek<\/span><\/p><\/td><td width=\"293\"><p><span style=\"color: #000000;\">Przedwio\u015bnie, Ja\u015bminowa, <\/span><br \/><span style=\"color: #000000;\">Azaliowa<\/span><\/p><\/td><\/tr><tr><td width=\"160\"><p><span style=\"color: #000000;\">04.01.2023 r.<\/span><\/p><\/td><td width=\"151\"><p><span style=\"color: #000000;\">\u015aroda<\/span><\/p><\/td><td width=\"293\"><p><span style=\"color: #000000;\">Szarotkowa, Stokrotkowa, <\/span><br \/><span style=\"color: #000000;\">Mieczykowa, Starod\u0119bowa<\/span><\/p><\/td><\/tr><tr><td width=\"160\"><p><span style=\"color: #000000;\">05.01.2023 r.<\/span><\/p><\/td><td width=\"151\"><p><span style=\"color: #000000;\">Czwartek<\/span><\/p><\/td><td width=\"293\"><p><span style=\"color: #000000;\">Barwinkowa, Malwowa, Liliowa, Z\u0142ocieniowa, Mirtowa<\/span><\/p><\/td><\/tr><tr><td width=\"160\"><p><span style=\"color: #000000;\">06.01.2023 r.<\/span><\/p><\/td><td width=\"151\"><p><span style=\"color: #000000;\">Pi\u0105tek<\/span><\/p><\/td><td width=\"293\"><p><span style=\"color: #000000;\">&#8211;<\/span><\/p><\/td><\/tr><tr><td width=\"160\"><p><span style=\"color: #000000;\">07.01.2023 r.<\/span><\/p><\/td><td width=\"151\"><p><span style=\"color: #000000;\">Sobota<\/span><\/p><\/td><td width=\"293\"><p><span style=\"color: #000000;\">Ramisz\u00f3w, <\/span><br \/><span style=\"color: #000000;\">Przebi\u015bniegowa,<\/span><br \/><span style=\"color: #000000;\">Forsycjowa, Widawska,<\/span><br \/><span style=\"color: #000000;\">Pruszowice c.d.<\/span><\/p><\/td><\/tr><\/tbody><\/table>\t\t\t\t\t\t<\/div>\n\t\t\t\t<\/div>\n\t\t\t\t\t<\/div>\n\t\t<\/div>\n\t\t\t\t\t\t\t<\/div>\n\t\t<\/section>\n\t\t\t\t<section class=\"elementor-section elementor-top-section elementor-element elementor-element-ff1ea9c elementor-section-boxed elementor-section-height-default elementor-section-height-default\" data-id=\"ff1ea9c\" data-element_type=\"section\">\n\t\t\t\t\t\t<div class=\"elementor-container elementor-column-gap-default\">\n\t\t\t\t\t<div class=\"elementor-column elementor-col-100 elementor-top-column elementor-element elementor-element-71114fe\" data-id=\"71114fe\" data-element_type=\"column\">\n\t\t\t<div class=\"elementor-widget-wrap elementor-element-populated\">\n\t\t\t\t\t\t\t\t<div class=\"elementor-element elementor-element-9467feb elementor-widget elementor-widget-text-editor\" data-id=\"9467feb\" data-element_type=\"widget\" data-widget_type=\"text-editor.default\">\n\t\t\t\t<div class=\"elementor-widget-container\">\n\t\t\t\t\t\t\t<p><span style=\"font-size: 13pt; color: #000000;\">Wizyt\u0119 rozpoczynamy w dni powszednie o godz. 16:00, a w sobot\u0119 o godz. 11:00.<\/span><\/p>\t\t\t\t\t\t<\/div>\n\t\t\t\t<\/div>\n\t\t\t\t\t<\/div>\n\t\t<\/div>\n\t\t\t\t\t\t\t<\/div>\n\t\t<\/section>\n\t\t\t\t\t\t\t<\/div>\n\t\t","protected":false},"excerpt":{"rendered":"<p>PLAN WIZYTY DUSZPASTERSKIEJ &nbsp;na okres 2-7 stycznia 2023 r. &nbsp; DATA Dzie\u0144 tygodnia Ulice 02.01.2023 r. Poniedzia\u0142ek Jeziorowa, Sasankowa, Krokusowa 03.01.2023 r. Wtorek Przedwio\u015bnie, Ja\u015bminowa, Azaliowa 04.01.2023 r. \u015aroda Szarotkowa, Stokrotkowa, Mieczykowa, Starod\u0119bowa 05.01.2023 r. Czwartek Barwinkowa, Malwowa, Liliowa, Z\u0142ocieniowa, Mirtowa 06.01.2023 r. Pi\u0105tek &#8211; 07.01.2023 r. Sobota Ramisz\u00f3w, Przebi\u015bniegowa, Forsycjowa, Widawska, Pruszowice c.d. Wizyt\u0119&hellip; <br \/> <a class=\"read-more\" href=\"https:\/\/nspj.wroclaw.pl\/new\/plan-koledy-2-7-stycznia-2023-r\/\">Dowiedz si\u0119 wi\u0119cej<\/a><\/p>\n","protected":false},"author":1,"featured_media":4502,"comment_status":"closed","ping_status":"closed","sticky":false,"template":"","format":"standard","meta":{"ngg_post_thumbnail":0,"footnotes":""},"categories":[1],"tags":[],"class_list":["post-4516","post","type-post","status-publish","format-standard","has-post-thumbnail","hentry","category-aktualnosci"],"aioseo_notices":[],"_links":{"self":[{"href":"https:\/\/nspj.wroclaw.pl\/new\/wp-json\/wp\/v2\/posts\/4516","targetHints":{"allow":["GET"]}}],"collection":[{"href":"https:\/\/nspj.wroclaw.pl\/new\/wp-json\/wp\/v2\/posts"}],"about":[{"href":"https:\/\/nspj.wroclaw.pl\/new\/wp-json\/wp\/v2\/types\/post"}],"author":[{"embeddable":true,"href":"https:\/\/nspj.wroclaw.pl\/new\/wp-json\/wp\/v2\/users\/1"}],"replies":[{"embeddable":true,"href":"https:\/\/nspj.wroclaw.pl\/new\/wp-json\/wp\/v2\/comments?post=4516"}],"version-history":[{"count":17,"href":"https:\/\/nspj.wroclaw.pl\/new\/wp-json\/wp\/v2\/posts\/4516\/revisions"}],"predecessor-version":[{"id":4575,"href":"https:\/\/nspj.wroclaw.pl\/new\/wp-json\/wp\/v2\/posts\/4516\/revisions\/4575"}],"wp:featuredmedia":[{"embeddable":true,"href":"https:\/\/nspj.wroclaw.pl\/new\/wp-json\/wp\/v2\/media\/4502"}],"wp:attachment":[{"href":"https:\/\/nspj.wroclaw.pl\/new\/wp-json\/wp\/v2\/media?parent=4516"}],"wp:term":[{"taxonomy":"category","embeddable":true,"href":"https:\/\/nspj.wroclaw.pl\/new\/wp-json\/wp\/v2\/categories?post=4516"},{"taxonomy":"post_tag","embeddable":true,"href":"https:\/\/nspj.wroclaw.pl\/new\/wp-json\/wp\/v2\/tags?post=4516"}],"curies":[{"name":"wp","href":"https:\/\/api.w.org\/{rel}","templated":true}]}}