{"id":3247,"date":"2022-05-27T13:54:44","date_gmt":"2022-05-27T11:54:44","guid":{"rendered":"https:\/\/nspj.wroclaw.pl\/new\/?p=3247"},"modified":"2022-05-27T23:12:13","modified_gmt":"2022-05-27T21:12:13","slug":"dzien-matki-26-v-2022-spotkanie-dla-corek-i-matek-galeria","status":"publish","type":"post","link":"https:\/\/nspj.wroclaw.pl\/new\/dzien-matki-26-v-2022-spotkanie-dla-corek-i-matek-galeria\/","title":{"rendered":"Dzie\u0144 Matki 26.V.2022 &#8211; spotkanie dla C\u00f3rek i Matek &#8211; Galeria"},"content":{"rendered":"<p><span style=\"color: #000000;\">Z zaproszenia na spotkanie w Dniu Matki i \u0107wicze\u0144 warsztatowych, kt\u00f3re odby\u0142y si\u0119 w Auli skorzysta\u0142o blisko 40 pa\u0144 w r\u00f3\u017cnym wieku, najm\u0142odsza uczestniczka mia\u0142a 13 lat, a najstarsza ponad 80. Niespodziank\u0105 okaza\u0142a si\u0119 obecno\u015b\u0107 na pierwszej cz\u0119\u015bci redaktora wroc\u0142awskiego Go\u015bcia Niedzielnego, kt\u00f3ry opublikowa\u0142 ju\u017c w ten sam wiecz\u00f3r relacj\u0119 na stronie internetowej: <a href=\"https:\/\/wroclaw.gosc.pl\/doc\/7574891.Macierzynstwo-oczami-corki-i-matki\" target=\"_blank\" rel=\"noopener\">https:\/\/wroclaw.gosc.pl\/doc\/7574891.Macierzynstwo-oczami-corki-i-matki<\/a><\/span><\/p>\nngg_shortcode_0_placeholder\n","protected":false},"excerpt":{"rendered":"<p>Z zaproszenia na spotkanie w Dniu Matki i \u0107wicze\u0144 warsztatowych, kt\u00f3re odby\u0142y si\u0119 w Auli skorzysta\u0142o blisko 40 pa\u0144 w r\u00f3\u017cnym wieku, najm\u0142odsza uczestniczka mia\u0142a 13 lat, a najstarsza ponad 80. Niespodziank\u0105 okaza\u0142a si\u0119 obecno\u015b\u0107 na pierwszej cz\u0119\u015bci redaktora wroc\u0142awskiego Go\u015bcia Niedzielnego, kt\u00f3ry opublikowa\u0142 ju\u017c w ten sam wiecz\u00f3r relacj\u0119 na stronie internetowej: https:\/\/wroclaw.gosc.pl\/doc\/7574891.Macierzynstwo-oczami-corki-i-matki &nbsp;<\/p>\n","protected":false},"author":1,"featured_media":3254,"comment_status":"closed","ping_status":"closed","sticky":false,"template":"","format":"standard","meta":{"ngg_post_thumbnail":0,"footnotes":""},"categories":[15],"tags":[],"class_list":["post-3247","post","type-post","status-publish","format-standard","has-post-thumbnail","hentry","category-galeria"],"aioseo_notices":[],"_links":{"self":[{"href":"https:\/\/nspj.wroclaw.pl\/new\/wp-json\/wp\/v2\/posts\/3247","targetHints":{"allow":["GET"]}}],"collection":[{"href":"https:\/\/nspj.wroclaw.pl\/new\/wp-json\/wp\/v2\/posts"}],"about":[{"href":"https:\/\/nspj.wroclaw.pl\/new\/wp-json\/wp\/v2\/types\/post"}],"author":[{"embeddable":true,"href":"https:\/\/nspj.wroclaw.pl\/new\/wp-json\/wp\/v2\/users\/1"}],"replies":[{"embeddable":true,"href":"https:\/\/nspj.wroclaw.pl\/new\/wp-json\/wp\/v2\/comments?post=3247"}],"version-history":[{"count":3,"href":"https:\/\/nspj.wroclaw.pl\/new\/wp-json\/wp\/v2\/posts\/3247\/revisions"}],"predecessor-version":[{"id":3257,"href":"https:\/\/nspj.wroclaw.pl\/new\/wp-json\/wp\/v2\/posts\/3247\/revisions\/3257"}],"wp:featuredmedia":[{"embeddable":true,"href":"https:\/\/nspj.wroclaw.pl\/new\/wp-json\/wp\/v2\/media\/3254"}],"wp:attachment":[{"href":"https:\/\/nspj.wroclaw.pl\/new\/wp-json\/wp\/v2\/media?parent=3247"}],"wp:term":[{"taxonomy":"category","embeddable":true,"href":"https:\/\/nspj.wroclaw.pl\/new\/wp-json\/wp\/v2\/categories?post=3247"},{"taxonomy":"post_tag","embeddable":true,"href":"https:\/\/nspj.wroclaw.pl\/new\/wp-json\/wp\/v2\/tags?post=3247"}],"curies":[{"name":"wp","href":"https:\/\/api.w.org\/{rel}","templated":true}]}}