{"id":2288,"date":"2021-10-22T22:54:11","date_gmt":"2021-10-22T20:54:11","guid":{"rendered":"https:\/\/nspj.wroclaw.pl\/new\/?p=2288"},"modified":"2021-10-22T23:00:02","modified_gmt":"2021-10-22T21:00:02","slug":"plan-renowacji-misji-sw-23-27-x-2021-r","status":"publish","type":"post","link":"https:\/\/nspj.wroclaw.pl\/new\/plan-renowacji-misji-sw-23-27-x-2021-r\/","title":{"rendered":"Plan Renowacji Misji \u015aw. \u2013 23-27.X.2021 r."},"content":{"rendered":"<p>&nbsp;<\/p>\n<p><span style=\"color: #000000;\"><strong><u>30 NIEDZIELA Zwyk\u0142a \u2013 24.X.; &nbsp;\u2013 rozpocz\u0119cie na Mszy \u015bw. sobotniej o g. 18.00;<\/u><\/strong><\/span><\/p>\n<p><span style=\"color: #000000;\"><em>&nbsp; \u201ePANIE PRZYMN\u00d3\u017b NAM WIARY &#8230;\u201d (\u0141k.17,5)<\/em><\/span><\/p>\n<p><span style=\"color: #000000;\"><em>&nbsp;<\/em>7.30 \u2013 Kazanie w klasztorze SS. Benedyktynek-Sakramentek<\/span><\/p>\n<p style=\"text-align: left;\"><span style=\"color: #000000;\">&nbsp;8.00 \u2013 Msza \u015bw. z nauk\u0105 og\u00f3ln\u0105 dla wszystkich<\/span><\/p>\n<p style=\"text-align: left;\"><span style=\"color: #000000;\">&nbsp;9.30 \u2013 Msza \u015bw. z nauk\u0105 og\u00f3ln\u0105 dla wszystkich<\/span><\/p>\n<p style=\"text-align: left;\"><span style=\"color: #000000;\">&nbsp;11.00 \u2013 Msza \u015bw. na filii w Pruszowicach z nauk\u0105 og\u00f3ln\u0105 dla wszystkich<\/span><\/p>\n<p style=\"text-align: left;\"><span style=\"color: #000000;\">&nbsp;12.30 \u2013 Msza \u015bw. z nauk\u0105 og\u00f3ln\u0105 dla wszystkich<\/span><\/p>\n<p style=\"text-align: left;\"><span style=\"color: #000000;\">&nbsp;17.30 \u2013 R\u00f3\u017caniec<\/span><\/p>\n<p style=\"text-align: left;\"><span style=\"color: #000000;\">&nbsp;18.00 \u2013 Msza \u015bw. z nauk\u0105 og\u00f3ln\u0105 dla wszystkich<\/span><\/p>\n<p>&nbsp;<\/p>\n<p><span style=\"color: #000000;\"><strong><u>&nbsp;II \u2013 Dzie\u0144 Renowacji &#8211; Poniedzia\u0142ek \u2013 25.X.<\/u><\/strong><\/span><\/p>\n<p><span style=\"color: #000000;\"><em>&nbsp; \u201eA JE\u015aLI SERCE OSKAR\u017bA NAS, TO B\u00d3G JEST WI\u0118KSZY OD NASZEGO SERCA&#8230;\u201d (1J 3,20)<\/em><\/span><\/p>\n<p><span style=\"color: #000000;\">&nbsp;9.00 \u2013 Msza \u015bw. z nauk\u0105 og\u00f3ln\u0105 dla wszystkich<\/span><\/p>\n<p><span style=\"color: #000000;\">&nbsp;17.30 \u2013 R\u00f3\u017caniec\/Ko\u015bci\u00f3\u0142 Domowy<\/span><\/p>\n<p><span style=\"color: #000000;\">&nbsp;18.00 \u2013 Msza \u015bw. z nauk\u0105 og\u00f3ln\u0105 dla wszystkich<\/span><\/p>\n<p><span style=\"color: #000000;\">&nbsp;19.00 \u2013 Msza \u015bw. z nauk\u0105 og\u00f3ln\u0105 <u>w Pruszowicach<\/u><\/span><\/p>\n<p><span style=\"color: #000000;\">&nbsp; 20.00 \u2013 Nabo\u017ce\u0144stwo S\u0142owa i nauka <u>dla m\u0142odzie\u017cy\/Paw\u0142owice<\/u><\/span><\/p>\n<p>&nbsp;<\/p>\n<p><span style=\"color: #000000;\"><strong><u>III \u2013 Dzie\u0144 Renowacji &#8211; Wtorek \u2013 26.X.<\/u>&nbsp;&nbsp;&nbsp;&nbsp;<\/strong><\/span><\/p>\n<p><span style=\"color: #000000;\">&nbsp;<em>\u201eWIERZ\u0118 W \u015aWI\u0118TYCH OBCOWANIE\u201d ( Credo) <\/em><\/span><\/p>\n<p><span style=\"color: #333300;\">UROCZYSTO\u015a\u0106 WSPOMINANIA NASZYCH ZMAR\u0141YCH<\/span><\/p>\n<p><span style=\"color: #000000;\">9.00 \u2013 Msza \u015bw. z nauk\u0105 og\u00f3ln\u0105 dla wszystkich<\/span><\/p>\n<p><span style=\"color: #000000;\">10.30 \u2013 <u>Odwiedziny CHORYCH<\/u><\/span><\/p>\n<p><span style=\"color: #000000;\">18.00 \u2013 Msza \u015bw. z nauk\u0105 og\u00f3ln\u0105 dla wszystkich<\/span><\/p>\n<p><span style=\"color: #000000;\">&nbsp;19.00 \u2013 Procesja R\u00f3\u017ca\u0144cowa na Cmentarz<\/span><\/p>\n<p><span style=\"color: #000000;\">&nbsp;<u>18.30 \u2013 Spowied\u017a \u015bw. w Pruszowicach<\/u><\/span><\/p>\n<p><span style=\"color: #000000;\">&nbsp;19.00 \u2013 Msza \u015bw. i <u>zako\u0144czenie Renowacji w Pruszowicach<\/u><\/span><\/p>\n<p>&nbsp;<\/p>\n<p><span style=\"color: #000000;\"><strong><u>IV \u2013 Dzie\u0144 Renowacji &#8211; \u015aroda \u2013 27.X. \u2013 Spowied\u017a \u015bw. \u2013 na Paw\u0142owicach<\/u>&nbsp;&nbsp;&nbsp;&nbsp;&nbsp;<\/strong><\/span><\/p>\n<p><span style=\"color: #000000;\">&nbsp; <em>\u201eMI\u0141UJCIE SI\u0118 WZAJEMNIE JAK JA WAS UMI\u0141OWA\u0141EM\u201d<\/em><\/span><\/p>\n<p><span style=\"color: #333300;\">ZAOFIAROWANIE PARAFII N.S.P.J.<\/span><\/p>\n<p><span style=\"color: #000000;\">&nbsp;<u>7.30 \u2013 9.15 \u2013 Spowied\u017a \u015bw.<\/u> &#8211; doro\u015bli<\/span><\/p>\n<p><span style=\"color: #000000;\">&nbsp;9.00 \u2013 Msza \u015bw. z B\u0141OGOS\u0141AWIE\u0143STWEM ko\u0144cowym<u> dla doros\u0142ych<\/u><\/span><\/p>\n<p><span style=\"color: #000000;\"><u>&nbsp;16.30 \u2013 18.00 \u2013 Spowied\u017a \u015bw.<\/u> &#8211; doro\u015bli i dzieci<\/span><\/p>\n<p><span style=\"color: #000000;\">&nbsp;17.00 \u2013 R\u00f3\u017caniec\/S\u0142owo i Komunia \u015bw. z b\u0142ogos\u0142awie\u0144stwem ko\u0144cowym \u2013 <u>dla dzieci<\/u><\/span><\/p>\n<p><span style=\"color: #000000;\">&nbsp;18.00 \u2013 Msza \u015bw. z B\u0141OGOS\u0141AWIE\u0143STWEM ko\u0144cowym<u> dla doros\u0142ych<\/u><\/span><\/p>\n<p><span style=\"color: #000000;\">&nbsp;19.00 \u2013 Spowied\u017a \u015bw. dla m\u0142odzie\u017cy<\/span><\/p>\n<p><span style=\"color: #000000;\">&nbsp;19.30 \u2013 Msza \u015bw. z B\u0141OGOS\u0141AWIE\u0143STWEM ko\u0144cowym<u> dla m\u0142odzie\u017cy<\/u><em>&nbsp;&nbsp;&nbsp;&nbsp;&nbsp; <\/em><\/span><\/p>\n<p>&nbsp;<\/p>\n","protected":false},"excerpt":{"rendered":"<p>&nbsp; 30 NIEDZIELA Zwyk\u0142a \u2013 24.X.; &nbsp;\u2013 rozpocz\u0119cie na Mszy \u015bw. sobotniej o g. 18.00; &nbsp; \u201ePANIE PRZYMN\u00d3\u017b NAM WIARY &#8230;\u201d (\u0141k.17,5) &nbsp;7.30 \u2013 Kazanie w klasztorze SS. Benedyktynek-Sakramentek &nbsp;8.00 \u2013 Msza \u015bw. z nauk\u0105 og\u00f3ln\u0105 dla wszystkich &nbsp;9.30 \u2013 Msza \u015bw. z nauk\u0105 og\u00f3ln\u0105 dla wszystkich &nbsp;11.00 \u2013 Msza \u015bw. na filii w Pruszowicach&hellip; <br \/> <a class=\"read-more\" href=\"https:\/\/nspj.wroclaw.pl\/new\/plan-renowacji-misji-sw-23-27-x-2021-r\/\">Dowiedz si\u0119 wi\u0119cej<\/a><\/p>\n","protected":false},"author":1,"featured_media":2289,"comment_status":"closed","ping_status":"closed","sticky":false,"template":"","format":"standard","meta":{"ngg_post_thumbnail":0,"footnotes":""},"categories":[1],"tags":[],"class_list":["post-2288","post","type-post","status-publish","format-standard","has-post-thumbnail","hentry","category-aktualnosci"],"aioseo_notices":[],"_links":{"self":[{"href":"https:\/\/nspj.wroclaw.pl\/new\/wp-json\/wp\/v2\/posts\/2288","targetHints":{"allow":["GET"]}}],"collection":[{"href":"https:\/\/nspj.wroclaw.pl\/new\/wp-json\/wp\/v2\/posts"}],"about":[{"href":"https:\/\/nspj.wroclaw.pl\/new\/wp-json\/wp\/v2\/types\/post"}],"author":[{"embeddable":true,"href":"https:\/\/nspj.wroclaw.pl\/new\/wp-json\/wp\/v2\/users\/1"}],"replies":[{"embeddable":true,"href":"https:\/\/nspj.wroclaw.pl\/new\/wp-json\/wp\/v2\/comments?post=2288"}],"version-history":[{"count":10,"href":"https:\/\/nspj.wroclaw.pl\/new\/wp-json\/wp\/v2\/posts\/2288\/revisions"}],"predecessor-version":[{"id":2299,"href":"https:\/\/nspj.wroclaw.pl\/new\/wp-json\/wp\/v2\/posts\/2288\/revisions\/2299"}],"wp:featuredmedia":[{"embeddable":true,"href":"https:\/\/nspj.wroclaw.pl\/new\/wp-json\/wp\/v2\/media\/2289"}],"wp:attachment":[{"href":"https:\/\/nspj.wroclaw.pl\/new\/wp-json\/wp\/v2\/media?parent=2288"}],"wp:term":[{"taxonomy":"category","embeddable":true,"href":"https:\/\/nspj.wroclaw.pl\/new\/wp-json\/wp\/v2\/categories?post=2288"},{"taxonomy":"post_tag","embeddable":true,"href":"https:\/\/nspj.wroclaw.pl\/new\/wp-json\/wp\/v2\/tags?post=2288"}],"curies":[{"name":"wp","href":"https:\/\/api.w.org\/{rel}","templated":true}]}}